{"id":1654,"date":"2019-06-24T10:55:40","date_gmt":"2019-06-24T13:55:40","guid":{"rendered":"http:\/\/www.santaritadopassaquatro.sp.gov.br\/portal\/?p=1654"},"modified":"2019-06-24T10:55:40","modified_gmt":"2019-06-24T13:55:40","slug":"museu-tera-exposicao-financiada-pelo-proac-sobre-zequinha-de-abreu","status":"publish","type":"post","link":"https:\/\/www.santaritadopassaquatro.sp.gov.br\/portal\/museu-tera-exposicao-financiada-pelo-proac-sobre-zequinha-de-abreu\/","title":{"rendered":"Museu ter\u00e1 exposi\u00e7\u00e3o financiada pelo ProAc sobre Zequinha de Abreu"},"content":{"rendered":"<p><strong><em>Iniciativa de historiadora de S\u00e3o Carlos, mostra de longa perman\u00eancia ir\u00e1 abordar a obra do compositor santa-ritense <\/em><\/strong><\/p>\n<p>&nbsp;<\/p>\n<figure id=\"attachment_1655\" aria-describedby=\"caption-attachment-1655\" style=\"width: 300px\" class=\"wp-caption alignleft\"><img decoding=\"async\" class=\"wp-image-1655 size-medium\" src=\"http:\/\/www.santaritadopassaquatro.sp.gov.br\/portal\/wp-content\/uploads\/2019\/06\/expo_ProAc_Zequnha-300x246.jpg\" alt=\"\" width=\"300\" height=\"246\" srcset=\"https:\/\/www.santaritadopassaquatro.sp.gov.br\/portal\/wp-content\/uploads\/2019\/06\/expo_ProAc_Zequnha-300x246.jpg 300w, https:\/\/www.santaritadopassaquatro.sp.gov.br\/portal\/wp-content\/uploads\/2019\/06\/expo_ProAc_Zequnha-768x629.jpg 768w, https:\/\/www.santaritadopassaquatro.sp.gov.br\/portal\/wp-content\/uploads\/2019\/06\/expo_ProAc_Zequnha-1024x839.jpg 1024w\" sizes=\"(max-width: 300px) 100vw, 300px\" \/><figcaption id=\"caption-attachment-1655\" class=\"wp-caption-text\"><span style=\"font-size: 8pt; color: #999999;\"><em><strong>Equipe do Departamento de Cultura e Turismo com os proponentes da exposi\u00e7\u00e3o sobre Zequinha de Abreu\u00a0 (Divulga\u00e7\u00e3o) \u00a0<\/strong><\/em><\/span><\/figcaption><\/figure>\n<p>A partir de julho, Santa Rita do Passa Quatro ir\u00e1 receber uma exposi\u00e7\u00e3o de longa dura\u00e7\u00e3o promovida com recursos do Programa de A\u00e7\u00e3o Cultural (ProAc), Concurso de Apoio a Projetos de Difus\u00e3o de Acervos Museol\u00f3gicos no Estado de S\u00e3o Paulo. Atrav\u00e9s do Edital N\u00ba 17\/\/2018, a mostra ir\u00e1 abordar a obra do compositor santa-ritense Zequinha de Abreu.<\/p>\n<p>Com apoio do Departamento de Cultura e Turismo, da Prefeitura Municipal, \u201cZequinha de Abreu: da \u200bFlor da Estrada ao \u200bTico-tico \u200bno Fub\u00e1\u201d, ir\u00e1 mostrar a hist\u00f3ria da m\u00fasica popular brasileira, do r\u00e1dio e do cinema nas primeiras d\u00e9cadas do s\u00e9culo 20, permeada por toda a vida e obra do compositor e m\u00fasico santa-ritense.<\/p>\n<p>Promovida no Museu Zequinha de Abreu, a exposi\u00e7\u00e3o ter\u00e1 dois m\u00f3dulos, nos quais a carreira de Zequinha de Abreu ser\u00e1 apresentada em dois momentos, a inicia\u00e7\u00e3o musical e primeiras composi\u00e7\u00f5es ainda em sua cidade natal, e sua carreira e obra em S\u00e3o Paulo, al\u00e9m da difus\u00e3o da m\u00fasica \u201cTico-tico no Fub\u00e1\u201d no Brasil e no cinema norte americano.<\/p>\n<p>A iniciativa \u00e9 da historiadora Vanessa Martins Dias, mestre em hist\u00f3ria pela Unesp e especialista em museografia e patrim\u00f4nio cultural, que atualmente trabalha como na Funda\u00e7\u00e3o Pr\u00f3-Mem\u00f3ria de S\u00e3o Carlos. A coordena\u00e7\u00e3o e curadoria ser\u00e1 de Vanessa Martins Dias, tamb\u00e9m mestre em hist\u00f3ria e especialista em museografia e patrim\u00f4nio cultural. A pesquisa e curadoria \u00e9 de Eduardo Toratti, tamb\u00e9m historiador e tamb\u00e9m graduado em biblioteconomia e ci\u00eancias da Informa\u00e7\u00e3o. O grupo tamb\u00e9m conta com o apoio da arquiteta e engenheira D\u00e9bora de Almeida Nogueira.<\/p>\n<p>De acordo com o projeto, o objetivo da exposi\u00e7\u00e3o \u00e9 buscar diversifica\u00e7\u00e3o e amplia\u00e7\u00e3o do p\u00fablico, desde estudantes at\u00e9 a terceira idade, inclusive com recursos de acessibilidade, para pessoas com defici\u00eancia.\u00a0 Com a exposi\u00e7\u00e3o ser\u00e1 poss\u00edvel fomentar a difus\u00e3o do acervo museol\u00f3gico, uma vez que possibilitar\u00e1 a valoriza\u00e7\u00e3o da mem\u00f3ria local e a preserva\u00e7\u00e3o da cultura imaterial.<\/p>\n<p>Programada para iniciar no dia 26 de julho, a exposi\u00e7\u00e3o segue durante os meses seguinte, abrangendo inclusive a programa\u00e7\u00e3o do 58\u00ba Festival Zequinha de Abreu, que acontece em setembro pr\u00f3ximo.<\/p>\n<p><strong>\u00a0<\/strong><\/p>\n<p>&nbsp;<\/p>\n<p>&nbsp;<\/p>\n","protected":false},"excerpt":{"rendered":"<p>Iniciativa de historiadora de S\u00e3o Carlos, mostra de longa perman\u00eancia ir\u00e1 abordar a obra do compositor santa-ritense &nbsp; A partir<\/p>\n","protected":false},"author":1,"featured_media":1655,"comment_status":"closed","ping_status":"open","sticky":false,"template":"","format":"standard","meta":{"footnotes":""},"categories":[46],"tags":[],"class_list":["post-1654","post","type-post","status-publish","format-standard","has-post-thumbnail","hentry","category-cultura"],"_links":{"self":[{"href":"https:\/\/www.santaritadopassaquatro.sp.gov.br\/portal\/wp-json\/wp\/v2\/posts\/1654","targetHints":{"allow":["GET"]}}],"collection":[{"href":"https:\/\/www.santaritadopassaquatro.sp.gov.br\/portal\/wp-json\/wp\/v2\/posts"}],"about":[{"href":"https:\/\/www.santaritadopassaquatro.sp.gov.br\/portal\/wp-json\/wp\/v2\/types\/post"}],"author":[{"embeddable":true,"href":"https:\/\/www.santaritadopassaquatro.sp.gov.br\/portal\/wp-json\/wp\/v2\/users\/1"}],"replies":[{"embeddable":true,"href":"https:\/\/www.santaritadopassaquatro.sp.gov.br\/portal\/wp-json\/wp\/v2\/comments?post=1654"}],"version-history":[{"count":0,"href":"https:\/\/www.santaritadopassaquatro.sp.gov.br\/portal\/wp-json\/wp\/v2\/posts\/1654\/revisions"}],"wp:featuredmedia":[{"embeddable":true,"href":"https:\/\/www.santaritadopassaquatro.sp.gov.br\/portal\/wp-json\/wp\/v2\/media\/1655"}],"wp:attachment":[{"href":"https:\/\/www.santaritadopassaquatro.sp.gov.br\/portal\/wp-json\/wp\/v2\/media?parent=1654"}],"wp:term":[{"taxonomy":"category","embeddable":true,"href":"https:\/\/www.santaritadopassaquatro.sp.gov.br\/portal\/wp-json\/wp\/v2\/categories?post=1654"},{"taxonomy":"post_tag","embeddable":true,"href":"https:\/\/www.santaritadopassaquatro.sp.gov.br\/portal\/wp-json\/wp\/v2\/tags?post=1654"}],"curies":[{"name":"wp","href":"https:\/\/api.w.org\/{rel}","templated":true}]}}