{"id":1661,"date":"2019-06-24T11:02:50","date_gmt":"2019-06-24T14:02:50","guid":{"rendered":"http:\/\/www.santaritadopassaquatro.sp.gov.br\/portal\/?p=1661"},"modified":"2019-06-24T11:02:50","modified_gmt":"2019-06-24T14:02:50","slug":"estado-e-prefeitura-realizam-entrega-oficial-da-ponte-na-cachoeira-sao-valentim","status":"publish","type":"post","link":"https:\/\/www.santaritadopassaquatro.sp.gov.br\/portal\/estado-e-prefeitura-realizam-entrega-oficial-da-ponte-na-cachoeira-sao-valentim\/","title":{"rendered":"Estado e Prefeitura realizam entrega oficial da ponte na cachoeira S\u00e3o Valentim"},"content":{"rendered":"<p><strong><em>Projeto com recursos da Secretaria da Casa Civil, do governo do Estado de S\u00e3o Paulo, recuperou a ponte danificada pelas chuvas <\/em><\/strong><\/p>\n<p><strong><em>\u00a0<\/em><\/strong><\/p>\n<figure id=\"attachment_1664\" aria-describedby=\"caption-attachment-1664\" style=\"width: 300px\" class=\"wp-caption alignleft\"><img decoding=\"async\" class=\"wp-image-1664 size-medium\" src=\"http:\/\/www.santaritadopassaquatro.sp.gov.br\/portal\/wp-content\/uploads\/2019\/06\/Inaugura_S_Valentim03-300x200.jpg\" alt=\"\" width=\"300\" height=\"200\" srcset=\"https:\/\/www.santaritadopassaquatro.sp.gov.br\/portal\/wp-content\/uploads\/2019\/06\/Inaugura_S_Valentim03-300x200.jpg 300w, https:\/\/www.santaritadopassaquatro.sp.gov.br\/portal\/wp-content\/uploads\/2019\/06\/Inaugura_S_Valentim03-768x512.jpg 768w, https:\/\/www.santaritadopassaquatro.sp.gov.br\/portal\/wp-content\/uploads\/2019\/06\/Inaugura_S_Valentim03-1024x683.jpg 1024w\" sizes=\"(max-width: 300px) 100vw, 300px\" \/><figcaption id=\"caption-attachment-1664\" class=\"wp-caption-text\"><span style=\"font-size: 8pt; color: #999999;\"><em><strong>Momento do descerramento da placa inaugurando oficialmente a recupera\u00e7\u00e3o da ponte (AssCom\/Divulga\u00e7\u00e3o)<\/strong><\/em><\/span><\/figcaption><\/figure>\n<p>Com as obras conclu\u00eddas desde o final do ano passado, foi entregue oficialmente a recupera\u00e7\u00e3o da ponte na rodovia tur\u00edstica Jo\u00e3o Ferronato (SRQ 481), acesso a cachoeira S\u00e3o Valentim, em Santa Rita do Passa Quatro. A obra recebeu investimento de cerca de R$ 200 mil, em recursos conquistados pelo prefeito Leandro Luciano dos Santos, junto \u00e0 Coordenadoria Estadual de Defesa Civil, Casa Militar, do Governo do Estado de S\u00e3o Paulo.<\/p>\n<figure id=\"attachment_1663\" aria-describedby=\"caption-attachment-1663\" style=\"width: 275px\" class=\"wp-caption alignright\"><img decoding=\"async\" class=\"wp-image-1663\" src=\"http:\/\/www.santaritadopassaquatro.sp.gov.br\/portal\/wp-content\/uploads\/2019\/06\/Inaugura_S_Valentim02-300x200.jpg\" alt=\"\" width=\"275\" height=\"177\" \/><figcaption id=\"caption-attachment-1663\" class=\"wp-caption-text\"><span style=\"font-size: 8pt;\"><strong><span style=\"color: #999999;\"><em>O prefeito de Santa Rita em seu pronunciamento durante inaugura\u00e7\u00e3o da obra na S\u00e3o Valentim (AssCom\/Divulga\u00e7\u00e3o)<\/em><\/span><\/strong><\/span><\/figcaption><\/figure>\n<p>A solenidade contou com a presen\u00e7a do secret\u00e1rio-chefe da Casa Militar e Coordenador da Defesa Civil do Estado de S\u00e3o Paulo, Cel. PM Walter Nyakas J\u00fanior. Al\u00e9m do prefeito, tamb\u00e9m participaram a vice-prefeita Maria Rita Mondim de Oliveira, os vereadores Kleber Borotto, Lucas Comin e Paulinho Linares, o comandante da 3\u00aa Companhia do 38\u00ba Batalh\u00e3o da Pol\u00edcia Militar Pol\u00edcia Militar, capit\u00e3o Daniel Veiga, o assistente parlamentar Geziel Januario da Silva, representando deputado estadual e Presidente da Assembleia Legislativa de SP, Cau\u00ea Macris (PSDB), entre outras autoridades civis e militares.<\/p>\n<figure id=\"attachment_1662\" aria-describedby=\"caption-attachment-1662\" style=\"width: 300px\" class=\"wp-caption alignleft\"><img decoding=\"async\" class=\"wp-image-1662 size-medium\" src=\"http:\/\/www.santaritadopassaquatro.sp.gov.br\/portal\/wp-content\/uploads\/2019\/06\/Inaugura_S_Valentim01-300x200.jpg\" alt=\"\" width=\"300\" height=\"200\" srcset=\"https:\/\/www.santaritadopassaquatro.sp.gov.br\/portal\/wp-content\/uploads\/2019\/06\/Inaugura_S_Valentim01-300x200.jpg 300w, https:\/\/www.santaritadopassaquatro.sp.gov.br\/portal\/wp-content\/uploads\/2019\/06\/Inaugura_S_Valentim01-768x512.jpg 768w, https:\/\/www.santaritadopassaquatro.sp.gov.br\/portal\/wp-content\/uploads\/2019\/06\/Inaugura_S_Valentim01-1024x683.jpg 1024w\" sizes=\"(max-width: 300px) 100vw, 300px\" \/><figcaption id=\"caption-attachment-1662\" class=\"wp-caption-text\"><span style=\"font-size: 8pt; color: #999999;\"><strong><em>Discurso do secret\u00e1rio-chefe da Casa Militar e Coordenador da Defesa Civil do Estado de S\u00e3o Paulo (AssCom\/Divulga\u00e7\u00e3o)<\/em><\/strong><\/span><\/figcaption><\/figure>\n<p>Em seu discurso o secret\u00e1rio da Casa Militar falou das obras que estavam sendo entregues pelo governo paulista em todo Estado. O prefeito fez seus agradecimentos \u00e0 Secretaria de Defesa Civil e ao apoio deputado Cau\u00ea Macris pelo recurso conquistado visando a recupera\u00e7\u00e3o da ponte. Ap\u00f3s os discurso, foi descerrada a placa de inaugura\u00e7\u00e3o da obra.<\/p>\n<p>\u201c\u00c9 muito bom poder entregar uma obra desse porte, em uma via tur\u00edstica de grande import\u00e2ncia para o escoamento da produ\u00e7\u00e3o agr\u00edcola e acesso para transporte escolar\u201d, disse o prefeito.<\/p>\n<figure id=\"attachment_1665\" aria-describedby=\"caption-attachment-1665\" style=\"width: 300px\" class=\"wp-caption alignright\"><img decoding=\"async\" class=\"wp-image-1665 size-medium\" src=\"http:\/\/www.santaritadopassaquatro.sp.gov.br\/portal\/wp-content\/uploads\/2019\/06\/Inaugura_S_Valentim04-300x200.jpg\" alt=\"\" width=\"300\" height=\"200\" srcset=\"https:\/\/www.santaritadopassaquatro.sp.gov.br\/portal\/wp-content\/uploads\/2019\/06\/Inaugura_S_Valentim04-300x200.jpg 300w, https:\/\/www.santaritadopassaquatro.sp.gov.br\/portal\/wp-content\/uploads\/2019\/06\/Inaugura_S_Valentim04-768x511.jpg 768w, https:\/\/www.santaritadopassaquatro.sp.gov.br\/portal\/wp-content\/uploads\/2019\/06\/Inaugura_S_Valentim04.jpg 900w\" sizes=\"(max-width: 300px) 100vw, 300px\" \/><figcaption id=\"caption-attachment-1665\" class=\"wp-caption-text\"><span style=\"font-size: 8pt; color: #999999;\"><em><strong>A ponte da S\u00e3o Valetim e parte do asfalto na rodovia tur\u00edstica Jo\u00e3o Ferronato danificados pelas fortes chuvas (AssCom\/Arquivo\/Divulga\u00e7\u00e3o)<\/strong><\/em><\/span><\/figcaption><\/figure>\n<p>Danificada pelas fortes chuvas em 2016, a ponte foi totalmente recuperada com obra iniciada em julho de 2018. O trabalho contou a constru\u00e7\u00e3o de um muro de conten\u00e7\u00e3o com quase 6 metros de altura e 40 cent\u00edmetros de espessura, todo em concreto usinado e ferro, al\u00e9m de aterro e drenagem de \u00e1guas da chuva, guias, sarjetas, e canelas superficiais para drenagem da ponte, finalizando com plantio de grama e coloca\u00e7\u00e3o de um alambrado, cercando a obra.<\/p>\n<p>Al\u00e9m da recupera\u00e7\u00e3o da ponte, a obra tamb\u00e9m contemplou o recapeamento de 1060 metros quadrados da rodovia, no trecho que estava todo danificado.<\/p>\n<p>&nbsp;<\/p>\n<figure id=\"attachment_1666\" aria-describedby=\"caption-attachment-1666\" style=\"width: 300px\" class=\"wp-caption alignleft\"><img decoding=\"async\" class=\"wp-image-1666 size-medium\" src=\"http:\/\/www.santaritadopassaquatro.sp.gov.br\/portal\/wp-content\/uploads\/2019\/06\/Inaugura_S_Valentim05-300x225.jpeg\" alt=\"\" width=\"300\" height=\"225\" srcset=\"https:\/\/www.santaritadopassaquatro.sp.gov.br\/portal\/wp-content\/uploads\/2019\/06\/Inaugura_S_Valentim05-300x225.jpeg 300w, https:\/\/www.santaritadopassaquatro.sp.gov.br\/portal\/wp-content\/uploads\/2019\/06\/Inaugura_S_Valentim05-768x576.jpeg 768w, https:\/\/www.santaritadopassaquatro.sp.gov.br\/portal\/wp-content\/uploads\/2019\/06\/Inaugura_S_Valentim05-1024x768.jpeg 1024w, https:\/\/www.santaritadopassaquatro.sp.gov.br\/portal\/wp-content\/uploads\/2019\/06\/Inaugura_S_Valentim05.jpeg 1152w\" sizes=\"(max-width: 300px) 100vw, 300px\" \/><figcaption id=\"caption-attachment-1666\" class=\"wp-caption-text\"><span style=\"font-size: 8pt; color: #999999;\"><em><strong>A obra conclu\u00edda com recupera\u00e7\u00e3o da ponte e recapeamento do asfalto no trecho (AssCom\/Arquivo\/Divulga\u00e7\u00e3o) <\/strong><\/em><\/span> \u00a0<\/figcaption><\/figure>\n<p><strong>N\u00daMEROS<\/strong><\/p>\n<p>Os n\u00fameros demonstram a grandiosidade da obra. Ao todo foram investidos R$ 201.025,94. A obra toda consumiu 60 metros c\u00fabicos de concreto usinado e cerca de 5 mil quilos de a\u00e7o, 220 metros quadrados de forma de madeira e 950 metros c\u00fabicos de terra para aterro (cerca de 100 caminh\u00f5es). No acabamento foram 1060 metros quadrados de recapeamento asf\u00e1ltico de 3 cm de espessura e plantados 400 metros quadrados de grama batatais.<\/p>\n<p>&nbsp;<\/p>\n<p>&nbsp;<\/p>\n<p>&nbsp;<\/p>\n<p>&nbsp;<\/p>\n<p>&nbsp;<\/p>\n<p>&nbsp;<\/p>\n<p><em>\u00a0<\/em><\/p>\n<p>&nbsp;<\/p>\n","protected":false},"excerpt":{"rendered":"<p>Projeto com recursos da Secretaria da Casa Civil, do governo do Estado de S\u00e3o Paulo, recuperou a ponte danificada pelas<\/p>\n","protected":false},"author":1,"featured_media":1664,"comment_status":"closed","ping_status":"open","sticky":false,"template":"","format":"standard","meta":{"footnotes":""},"categories":[44,52,55],"tags":[],"class_list":["post-1661","post","type-post","status-publish","format-standard","has-post-thumbnail","hentry","category-cidades","category-latest","category-obras"],"_links":{"self":[{"href":"https:\/\/www.santaritadopassaquatro.sp.gov.br\/portal\/wp-json\/wp\/v2\/posts\/1661","targetHints":{"allow":["GET"]}}],"collection":[{"href":"https:\/\/www.santaritadopassaquatro.sp.gov.br\/portal\/wp-json\/wp\/v2\/posts"}],"about":[{"href":"https:\/\/www.santaritadopassaquatro.sp.gov.br\/portal\/wp-json\/wp\/v2\/types\/post"}],"author":[{"embeddable":true,"href":"https:\/\/www.santaritadopassaquatro.sp.gov.br\/portal\/wp-json\/wp\/v2\/users\/1"}],"replies":[{"embeddable":true,"href":"https:\/\/www.santaritadopassaquatro.sp.gov.br\/portal\/wp-json\/wp\/v2\/comments?post=1661"}],"version-history":[{"count":0,"href":"https:\/\/www.santaritadopassaquatro.sp.gov.br\/portal\/wp-json\/wp\/v2\/posts\/1661\/revisions"}],"wp:featuredmedia":[{"embeddable":true,"href":"https:\/\/www.santaritadopassaquatro.sp.gov.br\/portal\/wp-json\/wp\/v2\/media\/1664"}],"wp:attachment":[{"href":"https:\/\/www.santaritadopassaquatro.sp.gov.br\/portal\/wp-json\/wp\/v2\/media?parent=1661"}],"wp:term":[{"taxonomy":"category","embeddable":true,"href":"https:\/\/www.santaritadopassaquatro.sp.gov.br\/portal\/wp-json\/wp\/v2\/categories?post=1661"},{"taxonomy":"post_tag","embeddable":true,"href":"https:\/\/www.santaritadopassaquatro.sp.gov.br\/portal\/wp-json\/wp\/v2\/tags?post=1661"}],"curies":[{"name":"wp","href":"https:\/\/api.w.org\/{rel}","templated":true}]}}