{"id":1676,"date":"2019-06-28T14:23:23","date_gmt":"2019-06-28T17:23:23","guid":{"rendered":"http:\/\/www.santaritadopassaquatro.sp.gov.br\/portal\/?p=1676"},"modified":"2019-06-28T14:23:23","modified_gmt":"2019-06-28T17:23:23","slug":"programacao-de-julho-tera-4a-edicao-do-estacao-rock","status":"publish","type":"post","link":"https:\/\/www.santaritadopassaquatro.sp.gov.br\/portal\/programacao-de-julho-tera-4a-edicao-do-estacao-rock\/","title":{"rendered":"Programa\u00e7\u00e3o de julho ter\u00e1 4\u00aa edi\u00e7\u00e3o do Esta\u00e7\u00e3o Rock"},"content":{"rendered":"<p><strong><em>Evento ir\u00e1 reunir cinco bandas locais na pra\u00e7a Poeta Mario Mattoso no pr\u00f3ximo dia 20 de julho<\/em><\/strong><\/p>\n<p>&nbsp;<\/p>\n<figure id=\"attachment_1677\" aria-describedby=\"caption-attachment-1677\" style=\"width: 300px\" class=\"wp-caption alignleft\"><img decoding=\"async\" class=\"wp-image-1677 size-medium\" src=\"http:\/\/www.santaritadopassaquatro.sp.gov.br\/portal\/wp-content\/uploads\/2019\/06\/estacao_rock_2018-300x200.jpg\" alt=\"\" width=\"300\" height=\"200\" srcset=\"https:\/\/www.santaritadopassaquatro.sp.gov.br\/portal\/wp-content\/uploads\/2019\/06\/estacao_rock_2018-300x200.jpg 300w, https:\/\/www.santaritadopassaquatro.sp.gov.br\/portal\/wp-content\/uploads\/2019\/06\/estacao_rock_2018-768x512.jpg 768w, https:\/\/www.santaritadopassaquatro.sp.gov.br\/portal\/wp-content\/uploads\/2019\/06\/estacao_rock_2018-1024x683.jpg 1024w\" sizes=\"(max-width: 300px) 100vw, 300px\" \/><figcaption id=\"caption-attachment-1677\" class=\"wp-caption-text\"><span style=\"font-size: 8pt; color: #999999;\"><em><strong>Banda e p\u00fablico durante a edi\u00e7\u00e3o de 2018 do Esta\u00e7\u00e3o Rock, na Pra\u00e7a M\u00e1rio Mattoso \u00a0(Arquivo\/AssCom\/Divulga\u00e7\u00e3o)<\/strong><\/em><\/span><\/figcaption><\/figure>\n<p>Aproveitar o per\u00edodo de f\u00e9rias escolares e reunir a galera rock\u2019n\u2019roll de Santa Rita do Passa Quatro. Este \u00e9 o objetivo do Esta\u00e7\u00e3o Rock, evento que chega a sua quarta edi\u00e7\u00e3o como uma esp\u00e9cie de festival independente, reunindo bandas da cidade em um fim de semana.<\/p>\n<p>O 4\u00ba Esta\u00e7\u00e3o Rock acontece no pr\u00f3ximo dia 20 de julho, s\u00e1bado, a partir das 18 horas, no p\u00e1tio da Esta\u00e7\u00e3o (Museu Zequinha de Abreu), com shows de cinco bandas locais:\u00a0 LPJ, Os Coveros, Pior Seria Se Pior Fosse, Covil de Aluguel e Mundo Novo.<\/p>\n<p>Juntos aos shows tamb\u00e9m est\u00e1 programada a 4\u00b0 etapa da Run Fast, uma corrida de rua de 6 quil\u00f4metros, com expectativa de participa\u00e7\u00e3o de quase 500 atletas.<\/p>\n<p>Promovido pelo Departamento Municipal de Turismo e Cultura, o Esta\u00e7\u00e3o Rock come\u00e7ou em 2017 por iniciativa das pr\u00f3prias bandas da cidade que buscam espa\u00e7o para poderem se apresentar. O m\u00eas de julho foi escolhido para o evento em fun\u00e7\u00e3o das f\u00e9rias escolares.<\/p>\n<p>&nbsp;<\/p>\n<p>&nbsp;<\/p>\n<p>&nbsp;<\/p>\n<p>&nbsp;<\/p>\n","protected":false},"excerpt":{"rendered":"<p>Evento ir\u00e1 reunir cinco bandas locais na pra\u00e7a Poeta Mario Mattoso no pr\u00f3ximo dia 20 de julho &nbsp; Aproveitar o<\/p>\n","protected":false},"author":1,"featured_media":1677,"comment_status":"closed","ping_status":"open","sticky":false,"template":"","format":"standard","meta":{"footnotes":""},"categories":[46],"tags":[],"class_list":["post-1676","post","type-post","status-publish","format-standard","has-post-thumbnail","hentry","category-cultura"],"_links":{"self":[{"href":"https:\/\/www.santaritadopassaquatro.sp.gov.br\/portal\/wp-json\/wp\/v2\/posts\/1676","targetHints":{"allow":["GET"]}}],"collection":[{"href":"https:\/\/www.santaritadopassaquatro.sp.gov.br\/portal\/wp-json\/wp\/v2\/posts"}],"about":[{"href":"https:\/\/www.santaritadopassaquatro.sp.gov.br\/portal\/wp-json\/wp\/v2\/types\/post"}],"author":[{"embeddable":true,"href":"https:\/\/www.santaritadopassaquatro.sp.gov.br\/portal\/wp-json\/wp\/v2\/users\/1"}],"replies":[{"embeddable":true,"href":"https:\/\/www.santaritadopassaquatro.sp.gov.br\/portal\/wp-json\/wp\/v2\/comments?post=1676"}],"version-history":[{"count":0,"href":"https:\/\/www.santaritadopassaquatro.sp.gov.br\/portal\/wp-json\/wp\/v2\/posts\/1676\/revisions"}],"wp:featuredmedia":[{"embeddable":true,"href":"https:\/\/www.santaritadopassaquatro.sp.gov.br\/portal\/wp-json\/wp\/v2\/media\/1677"}],"wp:attachment":[{"href":"https:\/\/www.santaritadopassaquatro.sp.gov.br\/portal\/wp-json\/wp\/v2\/media?parent=1676"}],"wp:term":[{"taxonomy":"category","embeddable":true,"href":"https:\/\/www.santaritadopassaquatro.sp.gov.br\/portal\/wp-json\/wp\/v2\/categories?post=1676"},{"taxonomy":"post_tag","embeddable":true,"href":"https:\/\/www.santaritadopassaquatro.sp.gov.br\/portal\/wp-json\/wp\/v2\/tags?post=1676"}],"curies":[{"name":"wp","href":"https:\/\/api.w.org\/{rel}","templated":true}]}}