{"id":1679,"date":"2019-06-28T14:25:14","date_gmt":"2019-06-28T17:25:14","guid":{"rendered":"http:\/\/www.santaritadopassaquatro.sp.gov.br\/portal\/?p=1679"},"modified":"2019-06-28T14:25:14","modified_gmt":"2019-06-28T17:25:14","slug":"departamento-de-cultura-promove-mais-uma-oficina-a-partir-de-julho","status":"publish","type":"post","link":"https:\/\/www.santaritadopassaquatro.sp.gov.br\/portal\/departamento-de-cultura-promove-mais-uma-oficina-a-partir-de-julho\/","title":{"rendered":"Departamento de Cultura promove mais uma oficina a partir de julho"},"content":{"rendered":"<p><strong><em>Confec\u00e7\u00e3o de Fantoches ser\u00e1 o tema da atividade ser\u00e1 ministrada por Paulo Balderramas<\/em><\/strong><\/p>\n<p>&nbsp;<\/p>\n<figure id=\"attachment_1680\" aria-describedby=\"caption-attachment-1680\" style=\"width: 300px\" class=\"wp-caption alignleft\"><img decoding=\"async\" class=\"wp-image-1680 size-medium\" src=\"http:\/\/www.santaritadopassaquatro.sp.gov.br\/portal\/wp-content\/uploads\/2019\/06\/paulo_balderramas_fantoches-300x205.jpg\" alt=\"\" width=\"300\" height=\"205\" srcset=\"https:\/\/www.santaritadopassaquatro.sp.gov.br\/portal\/wp-content\/uploads\/2019\/06\/paulo_balderramas_fantoches-300x205.jpg 300w, https:\/\/www.santaritadopassaquatro.sp.gov.br\/portal\/wp-content\/uploads\/2019\/06\/paulo_balderramas_fantoches-768x524.jpg 768w, https:\/\/www.santaritadopassaquatro.sp.gov.br\/portal\/wp-content\/uploads\/2019\/06\/paulo_balderramas_fantoches-1024x699.jpg 1024w, https:\/\/www.santaritadopassaquatro.sp.gov.br\/portal\/wp-content\/uploads\/2019\/06\/paulo_balderramas_fantoches-130x90.jpg 130w, https:\/\/www.santaritadopassaquatro.sp.gov.br\/portal\/wp-content\/uploads\/2019\/06\/paulo_balderramas_fantoches.jpg 1172w\" sizes=\"(max-width: 300px) 100vw, 300px\" \/><figcaption id=\"caption-attachment-1680\" class=\"wp-caption-text\"><span style=\"font-size: 8pt; color: #999999;\"><em><strong>Paulo Balderramas que ir\u00e1 ministrar a Oficina de Confec\u00e7\u00e3o de Fantoches em Santa Rita (Divulga\u00e7\u00e3o)<\/strong><\/em><\/span><\/figcaption><\/figure>\n<p>O Departamento de Cultura da Prefeitura Municipal de Santa Rita do Passa Quatro ir\u00e1 promover, a partir de julho, mais uma oficina gratuita para popula\u00e7\u00e3o. A Oficina de Confec\u00e7\u00e3o de Fantoches, com Paulo Balderramas, ser\u00e1 realizada de 30 de julho \u00e0 1\u00ba de agosto, ter\u00e7a, quarta e quinta-feira, em local a ser definido. As inscri\u00e7\u00f5es ser\u00e3o abertas e divulgadas em breve.<\/p>\n<p>A atividade \u00e9 indicada principalmente para educadores, que podem levar os fantoches para as escolas, ruas e lares, utilizando todo o potencial que eles carregam, em seu mundo m\u00e1gico, para ajudar a promover o desenvolvimento integral dos alunos. Podendo usar materiais baratos, e at\u00e9 mesmo usados ou reciclados, mostrando para as crian\u00e7as a import\u00e2ncia da sustentabilidade por exemplo.<\/p>\n<p>Paulo Balderramas (DRT 0044249\/SP) \u00e9 ator, diretor e produtor de espet\u00e1culos infantis desde 1984, na cidade de Bauru (SP). Iniciou sua carreira fazendo apresenta\u00e7\u00e3o de teatro de fantoches nas escolas da cidade e com o passar do tempo foi aperfei\u00e7oando a arte de representar e produzir seus espet\u00e1culos. Recebeu seu primeiro certificado do \u201cCurso de Confec\u00e7\u00e3o de Fantoches\u201d emitido pelo Servi\u00e7o Social do Com\u00e9rcio \u2013 SESC BAURU em 1984. Atualmente produz e atua no espet\u00e1culo infantil \u201cTio Conta Contos\u201d.<\/p>\n<p>&nbsp;<\/p>\n<p>&nbsp;<\/p>\n","protected":false},"excerpt":{"rendered":"<p>Confec\u00e7\u00e3o de Fantoches ser\u00e1 o tema da atividade ser\u00e1 ministrada por Paulo Balderramas &nbsp; O Departamento de Cultura da Prefeitura<\/p>\n","protected":false},"author":1,"featured_media":1680,"comment_status":"closed","ping_status":"open","sticky":false,"template":"","format":"standard","meta":{"footnotes":""},"categories":[46],"tags":[],"class_list":["post-1679","post","type-post","status-publish","format-standard","has-post-thumbnail","hentry","category-cultura"],"_links":{"self":[{"href":"https:\/\/www.santaritadopassaquatro.sp.gov.br\/portal\/wp-json\/wp\/v2\/posts\/1679","targetHints":{"allow":["GET"]}}],"collection":[{"href":"https:\/\/www.santaritadopassaquatro.sp.gov.br\/portal\/wp-json\/wp\/v2\/posts"}],"about":[{"href":"https:\/\/www.santaritadopassaquatro.sp.gov.br\/portal\/wp-json\/wp\/v2\/types\/post"}],"author":[{"embeddable":true,"href":"https:\/\/www.santaritadopassaquatro.sp.gov.br\/portal\/wp-json\/wp\/v2\/users\/1"}],"replies":[{"embeddable":true,"href":"https:\/\/www.santaritadopassaquatro.sp.gov.br\/portal\/wp-json\/wp\/v2\/comments?post=1679"}],"version-history":[{"count":0,"href":"https:\/\/www.santaritadopassaquatro.sp.gov.br\/portal\/wp-json\/wp\/v2\/posts\/1679\/revisions"}],"wp:featuredmedia":[{"embeddable":true,"href":"https:\/\/www.santaritadopassaquatro.sp.gov.br\/portal\/wp-json\/wp\/v2\/media\/1680"}],"wp:attachment":[{"href":"https:\/\/www.santaritadopassaquatro.sp.gov.br\/portal\/wp-json\/wp\/v2\/media?parent=1679"}],"wp:term":[{"taxonomy":"category","embeddable":true,"href":"https:\/\/www.santaritadopassaquatro.sp.gov.br\/portal\/wp-json\/wp\/v2\/categories?post=1679"},{"taxonomy":"post_tag","embeddable":true,"href":"https:\/\/www.santaritadopassaquatro.sp.gov.br\/portal\/wp-json\/wp\/v2\/tags?post=1679"}],"curies":[{"name":"wp","href":"https:\/\/api.w.org\/{rel}","templated":true}]}}