{"id":1682,"date":"2019-06-28T14:27:35","date_gmt":"2019-06-28T17:27:35","guid":{"rendered":"http:\/\/www.santaritadopassaquatro.sp.gov.br\/portal\/?p=1682"},"modified":"2019-06-28T14:27:35","modified_gmt":"2019-06-28T17:27:35","slug":"sabado-tem-circo-na-praca-coma-palhaca-biruta","status":"publish","type":"post","link":"https:\/\/www.santaritadopassaquatro.sp.gov.br\/portal\/sabado-tem-circo-na-praca-coma-palhaca-biruta\/","title":{"rendered":"S\u00e1bado tem Circo na Pra\u00e7a coma Palha\u00e7a Biruta"},"content":{"rendered":"<p><strong><em>Promovido pelo Departamento de Cultura, atra\u00e7\u00e3o acontece na Pra\u00e7a Poeta M\u00e1rio Mattoso (Esta\u00e7\u00e3o)<\/em><\/strong><\/p>\n<p><strong><em>\u00a0<\/em><\/strong><\/p>\n<figure id=\"attachment_1649\" aria-describedby=\"caption-attachment-1649\" style=\"width: 200px\" class=\"wp-caption alignleft\"><img decoding=\"async\" class=\"wp-image-1649 size-medium\" src=\"http:\/\/www.santaritadopassaquatro.sp.gov.br\/portal\/wp-content\/uploads\/2019\/06\/Circo_praca_Brituta_cena01-200x300.jpg\" alt=\"\" width=\"200\" height=\"300\" srcset=\"https:\/\/www.santaritadopassaquatro.sp.gov.br\/portal\/wp-content\/uploads\/2019\/06\/Circo_praca_Brituta_cena01-200x300.jpg 200w, https:\/\/www.santaritadopassaquatro.sp.gov.br\/portal\/wp-content\/uploads\/2019\/06\/Circo_praca_Brituta_cena01-768x1152.jpg 768w, https:\/\/www.santaritadopassaquatro.sp.gov.br\/portal\/wp-content\/uploads\/2019\/06\/Circo_praca_Brituta_cena01-683x1024.jpg 683w\" sizes=\"(max-width: 200px) 100vw, 200px\" \/><figcaption id=\"caption-attachment-1649\" class=\"wp-caption-text\"><span style=\"font-size: 8pt; color: #999999;\"><em><strong>Cena do espet\u00e1culo da palha\u00e7a Biruta, que estar\u00e1 em mais um Circo na Pra\u00e7a (Divulga\u00e7\u00e3o)<\/strong><\/em><\/span><\/figcaption><\/figure>\n<p>Chegou o dia! Neste s\u00e1bado (29\/6) a Pra\u00e7a Poeta M\u00e1rio Mattoso (Esta\u00e7\u00e3o), recebe o espet\u00e1culo Circo de Rua com a palha\u00e7a Biruta (Calini Detoni). Promovido pelo Departamento de Cultura da Prefeitura Municipal de Santa Rita do Passa Quatro, o evento acontece \u00e0 partir das 19h30.<\/p>\n<p>Com classifica\u00e7\u00e3o livre e aberto ao p\u00fablico, o evento promete muitas gargalhadas, com a palha\u00e7a Biruta, sua banda Abandonada e sua vaidade desconstru\u00edda, que n\u00e3o quer tocar apenas os olhos, mas tamb\u00e9m o cora\u00e7\u00e3o. \u00c9 poss\u00edvel! Se rega do riso do p\u00fablico e das eternas possibilidades que vem em cada jogo. Transmuta o medo em coragem, fragilidade em pot\u00eancia, uma alma crua e cura. O intuito \u00e9 expandir e encarar os desafios do mundo atrav\u00e9s do vi\u00e9s feminino, que pode trazer mais generosidade e amor.<\/p>\n<p>&nbsp;<\/p>\n<p>&nbsp;<\/p>\n","protected":false},"excerpt":{"rendered":"<p>Promovido pelo Departamento de Cultura, atra\u00e7\u00e3o acontece na Pra\u00e7a Poeta M\u00e1rio Mattoso (Esta\u00e7\u00e3o) \u00a0 Chegou o dia! Neste s\u00e1bado (29\/6)<\/p>\n","protected":false},"author":1,"featured_media":1546,"comment_status":"closed","ping_status":"open","sticky":false,"template":"","format":"standard","meta":{"footnotes":""},"categories":[46],"tags":[],"class_list":["post-1682","post","type-post","status-publish","format-standard","has-post-thumbnail","hentry","category-cultura"],"_links":{"self":[{"href":"https:\/\/www.santaritadopassaquatro.sp.gov.br\/portal\/wp-json\/wp\/v2\/posts\/1682","targetHints":{"allow":["GET"]}}],"collection":[{"href":"https:\/\/www.santaritadopassaquatro.sp.gov.br\/portal\/wp-json\/wp\/v2\/posts"}],"about":[{"href":"https:\/\/www.santaritadopassaquatro.sp.gov.br\/portal\/wp-json\/wp\/v2\/types\/post"}],"author":[{"embeddable":true,"href":"https:\/\/www.santaritadopassaquatro.sp.gov.br\/portal\/wp-json\/wp\/v2\/users\/1"}],"replies":[{"embeddable":true,"href":"https:\/\/www.santaritadopassaquatro.sp.gov.br\/portal\/wp-json\/wp\/v2\/comments?post=1682"}],"version-history":[{"count":0,"href":"https:\/\/www.santaritadopassaquatro.sp.gov.br\/portal\/wp-json\/wp\/v2\/posts\/1682\/revisions"}],"wp:featuredmedia":[{"embeddable":true,"href":"https:\/\/www.santaritadopassaquatro.sp.gov.br\/portal\/wp-json\/wp\/v2\/media\/1546"}],"wp:attachment":[{"href":"https:\/\/www.santaritadopassaquatro.sp.gov.br\/portal\/wp-json\/wp\/v2\/media?parent=1682"}],"wp:term":[{"taxonomy":"category","embeddable":true,"href":"https:\/\/www.santaritadopassaquatro.sp.gov.br\/portal\/wp-json\/wp\/v2\/categories?post=1682"},{"taxonomy":"post_tag","embeddable":true,"href":"https:\/\/www.santaritadopassaquatro.sp.gov.br\/portal\/wp-json\/wp\/v2\/tags?post=1682"}],"curies":[{"name":"wp","href":"https:\/\/api.w.org\/{rel}","templated":true}]}}