{"id":1685,"date":"2019-06-28T14:29:33","date_gmt":"2019-06-28T17:29:33","guid":{"rendered":"http:\/\/www.santaritadopassaquatro.sp.gov.br\/portal\/?p=1685"},"modified":"2019-06-28T14:29:33","modified_gmt":"2019-06-28T17:29:33","slug":"27o-festival-de-tradicoes-italianas-entidades-irao-oferecer-cardapio-com-cerca-de-30-pratos-tipicos","status":"publish","type":"post","link":"https:\/\/www.santaritadopassaquatro.sp.gov.br\/portal\/27o-festival-de-tradicoes-italianas-entidades-irao-oferecer-cardapio-com-cerca-de-30-pratos-tipicos\/","title":{"rendered":"27\u00ba FESTIVAL DE TRADI\u00c7\u00d5ES ITALIANAS:\u00a0Entidades ir\u00e3o oferecer card\u00e1pio com cerca de 30 pratos t\u00edpicos"},"content":{"rendered":"<p><strong>\u00a0<\/strong><strong><em>Evento antecede no pr\u00f3ximo feriado com gastronomia e m\u00fasica t\u00edpica do pa\u00eds homenageado<\/em><\/strong><\/p>\n<p>&nbsp;<\/p>\n<figure id=\"attachment_1686\" aria-describedby=\"caption-attachment-1686\" style=\"width: 300px\" class=\"wp-caption alignleft\"><img decoding=\"async\" class=\"wp-image-1686 size-medium\" src=\"http:\/\/www.santaritadopassaquatro.sp.gov.br\/portal\/wp-content\/uploads\/2019\/06\/festa_italiana_barraca-300x200.jpg\" alt=\"\" width=\"300\" height=\"200\" srcset=\"https:\/\/www.santaritadopassaquatro.sp.gov.br\/portal\/wp-content\/uploads\/2019\/06\/festa_italiana_barraca-300x200.jpg 300w, https:\/\/www.santaritadopassaquatro.sp.gov.br\/portal\/wp-content\/uploads\/2019\/06\/festa_italiana_barraca-768x512.jpg 768w, https:\/\/www.santaritadopassaquatro.sp.gov.br\/portal\/wp-content\/uploads\/2019\/06\/festa_italiana_barraca-1024x683.jpg 1024w\" sizes=\"(max-width: 300px) 100vw, 300px\" \/><figcaption id=\"caption-attachment-1686\" class=\"wp-caption-text\"><span style=\"font-size: 8pt; color: #999999;\"><em><strong>P\u00fablico em barraca de entidade durante o 26\u00ba Festival de Tradi\u00e7\u00f5es Italianas de 2018 (Arquivo\/AssCom\/Divulga\u00e7\u00e3o)<\/strong><\/em><\/span><\/figcaption><\/figure>\n<p>Uma verdadeira festa, celebrando a alegria t\u00edpica da cultura italiana, assim ser\u00e1 o 27\u00ba Festival de Tradi\u00e7\u00f5es Italianas, nos dias 6, 7 e 8 de julho, na Pra\u00e7a Poeta M\u00e1rio Mattoso (Esta\u00e7\u00e3o), em Santa Rita do Passa Quatro.<\/p>\n<p>Promovido pelo Departamento de Cultura e Turismo da Prefeitura Municipal, a Festa Italiana conta com a participa\u00e7\u00e3o de entidades assistenciais do munic\u00edpio, que ir\u00e3o oferecer cerca de 30 pratos t\u00edpicos salgados e doces, al\u00e9m do tradicional vinho, em seus card\u00e1pios.<\/p>\n<p>Na barraca do Fundo Social de Solidariedade, o p\u00fablico poder\u00e1 conferir os pratos canelone, lasanha \u00e0 bolonhesa, ninho recheado, p\u00e3o italiano recheado, por\u00e7\u00f5es de p\u00e3o italiano e palha italiana (sobremesa). O Projeto Maria ir\u00e1 oferecer massita aperitiva com pat\u00eas, capeletti in brodo, rondelli, conchiglione, polpetone com queijo, risoto de funghi e doces fondue de chocolate, espeto de morango com chocolate e brigadeiro com morango. No Lar Don Luis Caburlotto, o card\u00e1pio conta com coroa italiana, macarr\u00e3o, mini pizza e pizza. A Par\u00f3quia S\u00e3o Jos\u00e9 Oper\u00e1rio ter\u00e1 spirantelli, pastoloni e doce canolli. Na Associa\u00e7\u00e3o Jequitib\u00e1 (CAIS-SR) os pratos ser\u00e3o sofiatelli, calzone e pappardelle. E na barraca do Lar S\u00e3o Vicente de Paulo (Asilo), nhoque, tortelone, panqueca, rigatoni, batata recheada, frango a passarinho, e os doces croissant de chocolate, strogonoff de chocolate, churros gourmet e crepe.<\/p>\n<p>&nbsp;<\/p>\n<p><strong>PROGRAMA\u00c7\u00c3O<\/strong><\/p>\n<p>A abertura oficial acontece no s\u00e1bado (6\/7), \u00e0 partir das 19h30, com o Coral Professor Oct\u00e1vio Bueno de Camargo e Banda Zequinha de Abreu. E a programa\u00e7\u00e3o musical ir\u00e1 contar com tr\u00eas bandas diferentes, que se destacam pelo repert\u00f3rio t\u00edpico italiano. Na primeira noite o show ser\u00e1 com a banda Via Roma, atra\u00e7\u00e3o do ano passado, volta ao palco da Esta\u00e7\u00e3o para mais uma noite memor\u00e1vel. No domingo (7\/7), tem outra atra\u00e7\u00e3o j\u00e1 conhecida, com Ivano Italian\u00edssimo e abertura do Studio Arte &amp; Movimento. A festa termina a segunda-feira (8\/7), v\u00e9spera de feriado, com a banda Viva It\u00e1lia, mais uma conhecida do p\u00fablico. Todas as noites haver\u00e1 atra\u00e7\u00e3o de abertura, \u00e0 partir das 19h30.<\/p>\n<p>&nbsp;<\/p>\n<p><strong>TURISMO<\/strong><\/p>\n<p>Mais uma vez, a Festa Italiana antecede antecedendo ao feriado de 9 de julho (quando comemora-se a Revolu\u00e7\u00e3o Constitucionalista de 1932). A data foi escolhida em conjunto entre prefeitura e entidades, com objetivo de atrair visitantes da regi\u00e3o e localidades mais distantes, refor\u00e7ando o car\u00e1ter tur\u00edstico do evento.<\/p>\n<p><strong>\u00a0<\/strong><\/p>\n<p>&nbsp;<\/p>\n<p><em>\u00a0<\/em><\/p>\n<p><em>\u00a0<\/em><\/p>\n<p><em>\u00a0<\/em><\/p>\n<p>&nbsp;<\/p>\n<p>&nbsp;<\/p>\n","protected":false},"excerpt":{"rendered":"<p>\u00a0Evento antecede no pr\u00f3ximo feriado com gastronomia e m\u00fasica t\u00edpica do pa\u00eds homenageado &nbsp; Uma verdadeira festa, celebrando a alegria<\/p>\n","protected":false},"author":1,"featured_media":1686,"comment_status":"closed","ping_status":"open","sticky":false,"template":"","format":"standard","meta":{"footnotes":""},"categories":[46,60],"tags":[],"class_list":["post-1685","post","type-post","status-publish","format-standard","has-post-thumbnail","hentry","category-cultura","category-turismo"],"_links":{"self":[{"href":"https:\/\/www.santaritadopassaquatro.sp.gov.br\/portal\/wp-json\/wp\/v2\/posts\/1685","targetHints":{"allow":["GET"]}}],"collection":[{"href":"https:\/\/www.santaritadopassaquatro.sp.gov.br\/portal\/wp-json\/wp\/v2\/posts"}],"about":[{"href":"https:\/\/www.santaritadopassaquatro.sp.gov.br\/portal\/wp-json\/wp\/v2\/types\/post"}],"author":[{"embeddable":true,"href":"https:\/\/www.santaritadopassaquatro.sp.gov.br\/portal\/wp-json\/wp\/v2\/users\/1"}],"replies":[{"embeddable":true,"href":"https:\/\/www.santaritadopassaquatro.sp.gov.br\/portal\/wp-json\/wp\/v2\/comments?post=1685"}],"version-history":[{"count":0,"href":"https:\/\/www.santaritadopassaquatro.sp.gov.br\/portal\/wp-json\/wp\/v2\/posts\/1685\/revisions"}],"wp:featuredmedia":[{"embeddable":true,"href":"https:\/\/www.santaritadopassaquatro.sp.gov.br\/portal\/wp-json\/wp\/v2\/media\/1686"}],"wp:attachment":[{"href":"https:\/\/www.santaritadopassaquatro.sp.gov.br\/portal\/wp-json\/wp\/v2\/media?parent=1685"}],"wp:term":[{"taxonomy":"category","embeddable":true,"href":"https:\/\/www.santaritadopassaquatro.sp.gov.br\/portal\/wp-json\/wp\/v2\/categories?post=1685"},{"taxonomy":"post_tag","embeddable":true,"href":"https:\/\/www.santaritadopassaquatro.sp.gov.br\/portal\/wp-json\/wp\/v2\/tags?post=1685"}],"curies":[{"name":"wp","href":"https:\/\/api.w.org\/{rel}","templated":true}]}}