{"id":1688,"date":"2019-06-28T14:31:45","date_gmt":"2019-06-28T17:31:45","guid":{"rendered":"http:\/\/www.santaritadopassaquatro.sp.gov.br\/portal\/?p=1688"},"modified":"2019-06-28T14:31:45","modified_gmt":"2019-06-28T17:31:45","slug":"campanha-do-agasalho-2019-fara-distribuicao-de-roupas-neste-sabado","status":"publish","type":"post","link":"https:\/\/www.santaritadopassaquatro.sp.gov.br\/portal\/campanha-do-agasalho-2019-fara-distribuicao-de-roupas-neste-sabado\/","title":{"rendered":"Campanha do Agasalho 2019 far\u00e1 distribui\u00e7\u00e3o de roupas neste s\u00e1bado"},"content":{"rendered":"<p><strong><em>Com o tema \u201cNosso superpoder contra o frio \u00e9 um agasalho novo\u201d, a a\u00e7\u00e3o deste ano \u00e9 estrelada por super-her\u00f3is <\/em><\/strong><\/p>\n<p>&nbsp;<\/p>\n<figure id=\"attachment_1689\" aria-describedby=\"caption-attachment-1689\" style=\"width: 225px\" class=\"wp-caption alignleft\"><img decoding=\"async\" class=\"wp-image-1689 size-medium\" src=\"http:\/\/www.santaritadopassaquatro.sp.gov.br\/portal\/wp-content\/uploads\/2019\/06\/campanha_agasalho_entregas-225x300.jpg\" alt=\"\" width=\"225\" height=\"300\" srcset=\"https:\/\/www.santaritadopassaquatro.sp.gov.br\/portal\/wp-content\/uploads\/2019\/06\/campanha_agasalho_entregas-225x300.jpg 225w, https:\/\/www.santaritadopassaquatro.sp.gov.br\/portal\/wp-content\/uploads\/2019\/06\/campanha_agasalho_entregas-768x1024.jpg 768w, https:\/\/www.santaritadopassaquatro.sp.gov.br\/portal\/wp-content\/uploads\/2019\/06\/campanha_agasalho_entregas.jpg 774w\" sizes=\"(max-width: 225px) 100vw, 225px\" \/><figcaption id=\"caption-attachment-1689\" class=\"wp-caption-text\"><span style=\"font-size: 8pt; color: #999999;\"><em><strong>Distribui\u00e7\u00e3o de roupas na Campanha do Agasalho do ano passado, (Arquivo\/Divulga\u00e7\u00e3o)<\/strong><\/em><\/span><\/figcaption><\/figure>\n<p>O Fundo Social de Solidariedade (FSS) de Santa Rita do Passa Quatro ir\u00e1 promover a distribui\u00e7\u00e3o e de roupas, agasalhos, cal\u00e7ados e cobertores \u00e0s fam\u00edlias carentes do munic\u00edpio, neste s\u00e1bado (29\/6).<\/p>\n<p>Arrecadados por doa\u00e7\u00e3o durante a Campanha do Agasalho 2019, os artigos estar\u00e3o dispon\u00edveis na sede do Fundo Social, que fica na Rua Visconde do Rio Branco, 1135, Jardim 22 de Maio (antigo Sesi) e no Jardim Boa Vista II, na Rua Cury Neto, 30 (antigo PSF), no hor\u00e1rio das 8h \u00e0s 12 horas.<\/p>\n<p>Com o tema \u201cNosso superpoder contra o frio \u00e9 um agasalho novo\u201d, a Campanha deste ano tem como protagonistas os personagens Ben10 e As Meninas Superpoderosas, do Cartoon Network, que ter\u00e3o uma grande miss\u00e3o: engajar a sociedade para promover um inverno mais solid\u00e1rio.<\/p>\n<p>Promovida pelo Fundo Social do munic\u00edpio, a Campanha contou com caixas de arrecada\u00e7\u00e3o colocadas em diversos pontos da cidade. As doa\u00e7\u00f5es ainda podem ser feitas no Departamento Municipal de Assist\u00eancia e Social (Pra\u00e7a da Esta\u00e7\u00e3o) e Fundo Social de Solidariedade (pr\u00e9dio do antigo Sesi).<\/p>\n<p>&nbsp;<\/p>\n<p><strong>\u00a0<\/strong><\/p>\n<p>&nbsp;<\/p>\n","protected":false},"excerpt":{"rendered":"<p>Com o tema \u201cNosso superpoder contra o frio \u00e9 um agasalho novo\u201d, a a\u00e7\u00e3o deste ano \u00e9 estrelada por super-her\u00f3is<\/p>\n","protected":false},"author":1,"featured_media":1689,"comment_status":"closed","ping_status":"open","sticky":false,"template":"","format":"standard","meta":{"footnotes":""},"categories":[43,48,52],"tags":[],"class_list":["post-1688","post","type-post","status-publish","format-standard","has-post-thumbnail","hentry","category-assistenciasocial","category-featured","category-latest"],"_links":{"self":[{"href":"https:\/\/www.santaritadopassaquatro.sp.gov.br\/portal\/wp-json\/wp\/v2\/posts\/1688","targetHints":{"allow":["GET"]}}],"collection":[{"href":"https:\/\/www.santaritadopassaquatro.sp.gov.br\/portal\/wp-json\/wp\/v2\/posts"}],"about":[{"href":"https:\/\/www.santaritadopassaquatro.sp.gov.br\/portal\/wp-json\/wp\/v2\/types\/post"}],"author":[{"embeddable":true,"href":"https:\/\/www.santaritadopassaquatro.sp.gov.br\/portal\/wp-json\/wp\/v2\/users\/1"}],"replies":[{"embeddable":true,"href":"https:\/\/www.santaritadopassaquatro.sp.gov.br\/portal\/wp-json\/wp\/v2\/comments?post=1688"}],"version-history":[{"count":0,"href":"https:\/\/www.santaritadopassaquatro.sp.gov.br\/portal\/wp-json\/wp\/v2\/posts\/1688\/revisions"}],"wp:featuredmedia":[{"embeddable":true,"href":"https:\/\/www.santaritadopassaquatro.sp.gov.br\/portal\/wp-json\/wp\/v2\/media\/1689"}],"wp:attachment":[{"href":"https:\/\/www.santaritadopassaquatro.sp.gov.br\/portal\/wp-json\/wp\/v2\/media?parent=1688"}],"wp:term":[{"taxonomy":"category","embeddable":true,"href":"https:\/\/www.santaritadopassaquatro.sp.gov.br\/portal\/wp-json\/wp\/v2\/categories?post=1688"},{"taxonomy":"post_tag","embeddable":true,"href":"https:\/\/www.santaritadopassaquatro.sp.gov.br\/portal\/wp-json\/wp\/v2\/tags?post=1688"}],"curies":[{"name":"wp","href":"https:\/\/api.w.org\/{rel}","templated":true}]}}