{"id":1693,"date":"2019-06-28T14:34:47","date_gmt":"2019-06-28T17:34:47","guid":{"rendered":"http:\/\/www.santaritadopassaquatro.sp.gov.br\/portal\/?p=1693"},"modified":"2019-06-28T14:34:47","modified_gmt":"2019-06-28T17:34:47","slug":"vacinacao-contra-raiva-na-zona-rural-comeca-nesta-segunda-feira","status":"publish","type":"post","link":"https:\/\/www.santaritadopassaquatro.sp.gov.br\/portal\/vacinacao-contra-raiva-na-zona-rural-comeca-nesta-segunda-feira\/","title":{"rendered":"Vacina\u00e7\u00e3o contra raiva na Zona Rural come\u00e7a nesta segunda-feira"},"content":{"rendered":"<p><strong><em>Per\u00edodo da campanha segue at\u00e9 dia 14 de julho; propriet\u00e1rias devem deixar porteiras abertas<\/em><\/strong><\/p>\n<p>&nbsp;<\/p>\n<p><img decoding=\"async\" class=\"alignnone size-medium wp-image-1694 alignleft\" src=\"http:\/\/www.santaritadopassaquatro.sp.gov.br\/portal\/wp-content\/uploads\/2019\/06\/Vacinacao-contra-raiva-Divulgao-300x225.jpg\" alt=\"\" width=\"300\" height=\"225\" srcset=\"https:\/\/www.santaritadopassaquatro.sp.gov.br\/portal\/wp-content\/uploads\/2019\/06\/Vacinacao-contra-raiva-Divulgao-300x225.jpg 300w, https:\/\/www.santaritadopassaquatro.sp.gov.br\/portal\/wp-content\/uploads\/2019\/06\/Vacinacao-contra-raiva-Divulgao-768x576.jpg 768w, https:\/\/www.santaritadopassaquatro.sp.gov.br\/portal\/wp-content\/uploads\/2019\/06\/Vacinacao-contra-raiva-Divulgao.jpg 800w\" sizes=\"(max-width: 300px) 100vw, 300px\" \/>Come\u00e7a nesta segunda-feira, 1\u00ba de julho, a campanha de vacina\u00e7\u00e3o antirr\u00e1bica para a Zona Rural de Santa Rita do Passa Quatro. A expectativa \u00e9 de que at\u00e9 o dia 14 de julho todas as propriedades rurais do munic\u00edpio sejam visitadas pelo Servi\u00e7o de Controle de Zoonoses, do Departamento Municipal de Sa\u00fade, para vacina\u00e7\u00e3o de c\u00e3es e gatos. A solicita\u00e7\u00e3o \u00e9 que os propriet\u00e1rios deixam as porteiras abertas, facilitando o acesso.<\/p>\n<p>Ao todo s\u00e3o cerca de 2 mil doses da vacina dispon\u00edveis para a \u00e1rea rural do munic\u00edpio. Al\u00e9m da equipe do Setor de Controle de Zoonoses, a vacina\u00e7\u00e3o ir\u00e1 contar com apoio tamb\u00e9m de estudantes de medicina veterin\u00e1ria.<\/p>\n<p>As vacinas s\u00e3o disponibilizadas pelo Minist\u00e9rio da Sa\u00fade (MS), e a campanha na \u00e1rea urbana e no distrito de Santa Cruz da Estrela est\u00e1 programada para o final de outubro. A expectativa \u00e9 de que cerca de 7 mil animais sejam vacinados munic\u00edpio em toda campanha.<\/p>\n<p>&nbsp;<\/p>\n<p><strong>RAIVA<\/strong><\/p>\n<p>A raiva \u00e9 uma doen\u00e7a transmiss\u00edvel entre animais e tamb\u00e9m do animal para o ser humano. Ela \u00e9 caracterizada pelo cont\u00e1gio direto, ou seja, por meio de mordida, arranh\u00f5es ou lambedura de c\u00e3es, gatos ou morcegos infectados. Segundo o Centro de Controle de Zoonoses, desde 1981 n\u00e3o h\u00e1 registro de casos de transmiss\u00e3o da doen\u00e7a a seres humanos por c\u00e3es ou gatos.<\/p>\n<p>&nbsp;<\/p>\n<p>&nbsp;<\/p>\n","protected":false},"excerpt":{"rendered":"<p>Per\u00edodo da campanha segue at\u00e9 dia 14 de julho; propriet\u00e1rias devem deixar porteiras abertas &nbsp; Come\u00e7a nesta segunda-feira, 1\u00ba de<\/p>\n","protected":false},"author":1,"featured_media":1694,"comment_status":"closed","ping_status":"open","sticky":false,"template":"","format":"standard","meta":{"footnotes":""},"categories":[48,52,58],"tags":[],"class_list":["post-1693","post","type-post","status-publish","format-standard","has-post-thumbnail","hentry","category-featured","category-latest","category-health"],"_links":{"self":[{"href":"https:\/\/www.santaritadopassaquatro.sp.gov.br\/portal\/wp-json\/wp\/v2\/posts\/1693","targetHints":{"allow":["GET"]}}],"collection":[{"href":"https:\/\/www.santaritadopassaquatro.sp.gov.br\/portal\/wp-json\/wp\/v2\/posts"}],"about":[{"href":"https:\/\/www.santaritadopassaquatro.sp.gov.br\/portal\/wp-json\/wp\/v2\/types\/post"}],"author":[{"embeddable":true,"href":"https:\/\/www.santaritadopassaquatro.sp.gov.br\/portal\/wp-json\/wp\/v2\/users\/1"}],"replies":[{"embeddable":true,"href":"https:\/\/www.santaritadopassaquatro.sp.gov.br\/portal\/wp-json\/wp\/v2\/comments?post=1693"}],"version-history":[{"count":0,"href":"https:\/\/www.santaritadopassaquatro.sp.gov.br\/portal\/wp-json\/wp\/v2\/posts\/1693\/revisions"}],"wp:featuredmedia":[{"embeddable":true,"href":"https:\/\/www.santaritadopassaquatro.sp.gov.br\/portal\/wp-json\/wp\/v2\/media\/1694"}],"wp:attachment":[{"href":"https:\/\/www.santaritadopassaquatro.sp.gov.br\/portal\/wp-json\/wp\/v2\/media?parent=1693"}],"wp:term":[{"taxonomy":"category","embeddable":true,"href":"https:\/\/www.santaritadopassaquatro.sp.gov.br\/portal\/wp-json\/wp\/v2\/categories?post=1693"},{"taxonomy":"post_tag","embeddable":true,"href":"https:\/\/www.santaritadopassaquatro.sp.gov.br\/portal\/wp-json\/wp\/v2\/tags?post=1693"}],"curies":[{"name":"wp","href":"https:\/\/api.w.org\/{rel}","templated":true}]}}