{"id":1705,"date":"2019-06-28T14:41:51","date_gmt":"2019-06-28T17:41:51","guid":{"rendered":"http:\/\/www.santaritadopassaquatro.sp.gov.br\/portal\/?p=1705"},"modified":"2019-06-28T14:41:51","modified_gmt":"2019-06-28T17:41:51","slug":"aprecesp-e-santa-rita-podem-participar-de-feira-internacional-de-turismo","status":"publish","type":"post","link":"https:\/\/www.santaritadopassaquatro.sp.gov.br\/portal\/aprecesp-e-santa-rita-podem-participar-de-feira-internacional-de-turismo\/","title":{"rendered":"Aprecesp e Santa Rita podem participar de Feira Internacional de Turismo"},"content":{"rendered":"<p><strong><em>Evento em Gramado (RS) \u00e9 considerada o mois efetivo e o segundo maior da Am\u00e9rica Latina<\/em><\/strong><\/p>\n<p>&nbsp;<\/p>\n<figure id=\"attachment_1707\" aria-describedby=\"caption-attachment-1707\" style=\"width: 422px\" class=\"wp-caption alignleft\"><img decoding=\"async\" class=\"wp-image-1707\" src=\"http:\/\/www.santaritadopassaquatro.sp.gov.br\/portal\/wp-content\/uploads\/2019\/06\/festuris_gramado-300x146.jpeg\" alt=\"\" width=\"422\" height=\"211\" \/><figcaption id=\"caption-attachment-1707\" class=\"wp-caption-text\"><span style=\"font-size: 8pt; color: #999999;\"><em><strong>O prefeito de Santa Rita junto a diretoria da Aprecesp e empres\u00e1rios organizadores da Festuris de Gramado \u00a0(Divulga\u00e7\u00e3o)<\/strong><\/em><\/span><\/figcaption><\/figure>\n<p>Santa Rita do Passa Quatro est\u00e1 avan\u00e7ando a cada dia mais no setor de turismo. Esta semana prefeito Leandro Luciano dos Santos, presidente da Aprecesp (Associa\u00e7\u00e3o das Prefeituras das Cidades Est\u00e2ncias do Estado de S\u00e3o Paulo) participou de uma reuni\u00e3o com os empres\u00e1rios Marta Rossi e Eduardo Zorzanello, da empresa Rossi &amp; Zorzanello, organizadora do Festuris (Feira Internacional de Turismo), realizada em Gramado (RS).<\/p>\n<p>A reuni\u00e3o com a diretoria da Aprecesp teve como objetivo tratar das participa\u00e7\u00e3o do munic\u00edpio santa-ritense, junto a entidade que representa as 70 est\u00e2ncias tur\u00edsticas paulistas, no evento que \u00e9 considerado a mais efetiva feira de neg\u00f3cios tur\u00edsticos da Am\u00e9rica Latina, sendo a segunda maior em tamanho.<\/p>\n<p>Realizada anualmente, a Festuris \u00a0re\u00fane grande oferta de conte\u00fado, principais marcas do mercado mundial, gera\u00e7\u00e3o de neg\u00f3cios e as principais tend\u00eancias do turismo. Em 2018, a 30\u00aa edi\u00e7\u00e3o contou com 15 mil visitantes, gerou cerca de R$ 300 milh\u00f5es neg\u00f3cios, com 65 destinos internacionais representados, e a participa\u00e7\u00e3o de mais 450 jornalistas e influenciadores e 2,5 mil marcas presentes, al\u00e9m das atividades que somaram 250 palestras e workshops.<\/p>\n<p>Para a edi\u00e7\u00e3o deste ano de 2019, o evento continua investindo forte na capta\u00e7\u00e3o. Entre os expositores internacionais confirmados est\u00e3o: Cura\u00e7ao, Marrocos, Tun\u00edsia, Eti\u00f3pia, Costa do Marfim, Vietn\u00e3, Camboja, Laos, Myanmar, Paraguai, Portugal, Coimbra, Israel, Cuba, San Francisco, al\u00e9m de outros destinos norte-americanos a serem confirmados pela Brand USA. O que se espera \u00e9 superar os 65 destinos internacionais do ano de 2018. Segundo os organizadores o objetivo \u00e9 alavancar a participa\u00e7\u00e3o estrangeira, unindo diferentes continentes e culturas em um \u00fanico ambiente de neg\u00f3cios.<\/p>\n<p>Programda para acontecer de 7 a 10 de novembro, pr\u00f3ximos, a 31\u00aa edi\u00e7\u00e3o da Festuris ir\u00e1 ocupar 25 mil metros quadrados no Serra Park em Gramado, com expectativa de oferecer 12 espa\u00e7os diversificados com oportunidades de neg\u00f3cios em termalismo e bem-estar, sustentabilidade e acessibilidade, viagem pela cultura e costumes, boutique, gastronomia, business, LGBT, cultural e religioso, entretenimento, <em>mice &amp; experience<\/em> e <em>wedding<\/em>.<\/p>\n<p>\u201cEstamos em busca de parcerias com o setor privado, aproveitando a experi\u00eancia de mais de 30 anos na realiza\u00e7\u00e3o de eventos do setor de turismo, em busca do crescimento do nosso munic\u00edpio\u201d, disse o prefeito.<\/p>\n<p>&nbsp;<\/p>\n<p>&nbsp;<\/p>\n<p><em>\u00a0<\/em><\/p>\n","protected":false},"excerpt":{"rendered":"<p>Evento em Gramado (RS) \u00e9 considerada o mois efetivo e o segundo maior da Am\u00e9rica Latina &nbsp; Santa Rita do<\/p>\n","protected":false},"author":1,"featured_media":1706,"comment_status":"closed","ping_status":"open","sticky":false,"template":"","format":"standard","meta":{"footnotes":""},"categories":[44,52,60],"tags":[],"class_list":["post-1705","post","type-post","status-publish","format-standard","has-post-thumbnail","hentry","category-cidades","category-latest","category-turismo"],"_links":{"self":[{"href":"https:\/\/www.santaritadopassaquatro.sp.gov.br\/portal\/wp-json\/wp\/v2\/posts\/1705","targetHints":{"allow":["GET"]}}],"collection":[{"href":"https:\/\/www.santaritadopassaquatro.sp.gov.br\/portal\/wp-json\/wp\/v2\/posts"}],"about":[{"href":"https:\/\/www.santaritadopassaquatro.sp.gov.br\/portal\/wp-json\/wp\/v2\/types\/post"}],"author":[{"embeddable":true,"href":"https:\/\/www.santaritadopassaquatro.sp.gov.br\/portal\/wp-json\/wp\/v2\/users\/1"}],"replies":[{"embeddable":true,"href":"https:\/\/www.santaritadopassaquatro.sp.gov.br\/portal\/wp-json\/wp\/v2\/comments?post=1705"}],"version-history":[{"count":0,"href":"https:\/\/www.santaritadopassaquatro.sp.gov.br\/portal\/wp-json\/wp\/v2\/posts\/1705\/revisions"}],"wp:featuredmedia":[{"embeddable":true,"href":"https:\/\/www.santaritadopassaquatro.sp.gov.br\/portal\/wp-json\/wp\/v2\/media\/1706"}],"wp:attachment":[{"href":"https:\/\/www.santaritadopassaquatro.sp.gov.br\/portal\/wp-json\/wp\/v2\/media?parent=1705"}],"wp:term":[{"taxonomy":"category","embeddable":true,"href":"https:\/\/www.santaritadopassaquatro.sp.gov.br\/portal\/wp-json\/wp\/v2\/categories?post=1705"},{"taxonomy":"post_tag","embeddable":true,"href":"https:\/\/www.santaritadopassaquatro.sp.gov.br\/portal\/wp-json\/wp\/v2\/tags?post=1705"}],"curies":[{"name":"wp","href":"https:\/\/api.w.org\/{rel}","templated":true}]}}