{"id":1721,"date":"2019-07-05T15:15:00","date_gmt":"2019-07-05T18:15:00","guid":{"rendered":"http:\/\/www.santaritadopassaquatro.sp.gov.br\/portal\/?p=1721"},"modified":"2019-07-05T15:15:00","modified_gmt":"2019-07-05T18:15:00","slug":"campanha-do-agasalho-2019-sabado-teve-distribuicao-de-roupas-e-caixas-de-coleta-continuam-nos-pontos","status":"publish","type":"post","link":"https:\/\/www.santaritadopassaquatro.sp.gov.br\/portal\/campanha-do-agasalho-2019-sabado-teve-distribuicao-de-roupas-e-caixas-de-coleta-continuam-nos-pontos\/","title":{"rendered":"CAMPANHA DO AGASALHO 2019:\u00a0S\u00e1bado teve distribui\u00e7\u00e3o de roupas e caixas de coleta continuam nos pontos"},"content":{"rendered":"<p><strong><em>Com o tema \u201cNosso superpoder contra o frio \u00e9 um agasalho novo\u201d, a a\u00e7\u00e3o deste ano \u00e9 estrelada por super-her\u00f3is <\/em><\/strong><\/p>\n<p>&nbsp;<\/p>\n<figure id=\"attachment_1722\" aria-describedby=\"caption-attachment-1722\" style=\"width: 225px\" class=\"wp-caption alignleft\"><img decoding=\"async\" class=\"wp-image-1722 size-medium\" src=\"http:\/\/www.santaritadopassaquatro.sp.gov.br\/portal\/wp-content\/uploads\/2019\/07\/campanha_agasalho_distribuicao-225x300.jpeg\" alt=\"\" width=\"225\" height=\"300\" srcset=\"https:\/\/www.santaritadopassaquatro.sp.gov.br\/portal\/wp-content\/uploads\/2019\/07\/campanha_agasalho_distribuicao-225x300.jpeg 225w, https:\/\/www.santaritadopassaquatro.sp.gov.br\/portal\/wp-content\/uploads\/2019\/07\/campanha_agasalho_distribuicao-768x1024.jpeg 768w, https:\/\/www.santaritadopassaquatro.sp.gov.br\/portal\/wp-content\/uploads\/2019\/07\/campanha_agasalho_distribuicao.jpeg 774w\" sizes=\"(max-width: 225px) 100vw, 225px\" \/><figcaption id=\"caption-attachment-1722\" class=\"wp-caption-text\"><span style=\"font-size: 8pt; color: #999999;\"><em><strong>Distribui\u00e7\u00e3o de roupas na Campanha do Agasalho realizada no \u00faltimo s\u00e1bado, (Arquivo\/Divulga\u00e7\u00e3o)<\/strong><\/em><\/span><\/figcaption><\/figure>\n<p>O Fundo Social de Solidariedade (FSS) de Santa Rita do Passa Quatro continua com a Campanha do Agasalho 2019, com a caixas de arrecada\u00e7\u00e3o espalhadas pela cidade ainda esta semana. A partir do dia 15 de julho, segunda-feira, elas ser\u00e3o recolhidas para que as pe\u00e7as arrecadas seja distribu\u00eddas mais uma vez \u00e0s fam\u00edlias carentes do munic\u00edpio.<\/p>\n<p>No \u00faltimo s\u00e1bado (29\/6) aconteceu a primeira distribui\u00e7\u00e3o e de roupas, agasalhos, cal\u00e7ados e cobertores \u00e0s fam\u00edlias necessitadas. \u00a0As entregas aconteceram na sede do Fundo Social, e no Jardim Boa Vista II, no per\u00edodo da manh\u00e3, com a presen\u00e7a da presidente do Fundo Social, dona Vera Luciano dos Santos.<\/p>\n<p>Com o tema \u201cNosso superpoder contra o frio \u00e9 um agasalho novo\u201d, a Campanha deste ano tem como protagonistas os personagens Ben10 e As Meninas Superpoderosas, do Cartoon Network, que ter\u00e3o uma grande miss\u00e3o: engajar a sociedade para promover um inverno mais solid\u00e1rio.<\/p>\n<p>Al\u00e9m das caixas de arrecada\u00e7\u00e3o, as doa\u00e7\u00f5es podem ser feitas no Departamento Municipal de Assist\u00eancia e Social (Pra\u00e7a da Esta\u00e7\u00e3o) e Fundo Social de Solidariedade (pr\u00e9dio do antigo Sesi), de segunda a sexta-feira, durante hor\u00e1rio Comercial<\/p>\n<p>&nbsp;<\/p>\n<p>&nbsp;<\/p>\n<p>&nbsp;<\/p>\n","protected":false},"excerpt":{"rendered":"<p>Com o tema \u201cNosso superpoder contra o frio \u00e9 um agasalho novo\u201d, a a\u00e7\u00e3o deste ano \u00e9 estrelada por super-her\u00f3is<\/p>\n","protected":false},"author":1,"featured_media":1722,"comment_status":"closed","ping_status":"open","sticky":false,"template":"","format":"standard","meta":{"footnotes":""},"categories":[43,48],"tags":[],"class_list":["post-1721","post","type-post","status-publish","format-standard","has-post-thumbnail","hentry","category-assistenciasocial","category-featured"],"_links":{"self":[{"href":"https:\/\/www.santaritadopassaquatro.sp.gov.br\/portal\/wp-json\/wp\/v2\/posts\/1721","targetHints":{"allow":["GET"]}}],"collection":[{"href":"https:\/\/www.santaritadopassaquatro.sp.gov.br\/portal\/wp-json\/wp\/v2\/posts"}],"about":[{"href":"https:\/\/www.santaritadopassaquatro.sp.gov.br\/portal\/wp-json\/wp\/v2\/types\/post"}],"author":[{"embeddable":true,"href":"https:\/\/www.santaritadopassaquatro.sp.gov.br\/portal\/wp-json\/wp\/v2\/users\/1"}],"replies":[{"embeddable":true,"href":"https:\/\/www.santaritadopassaquatro.sp.gov.br\/portal\/wp-json\/wp\/v2\/comments?post=1721"}],"version-history":[{"count":0,"href":"https:\/\/www.santaritadopassaquatro.sp.gov.br\/portal\/wp-json\/wp\/v2\/posts\/1721\/revisions"}],"wp:featuredmedia":[{"embeddable":true,"href":"https:\/\/www.santaritadopassaquatro.sp.gov.br\/portal\/wp-json\/wp\/v2\/media\/1722"}],"wp:attachment":[{"href":"https:\/\/www.santaritadopassaquatro.sp.gov.br\/portal\/wp-json\/wp\/v2\/media?parent=1721"}],"wp:term":[{"taxonomy":"category","embeddable":true,"href":"https:\/\/www.santaritadopassaquatro.sp.gov.br\/portal\/wp-json\/wp\/v2\/categories?post=1721"},{"taxonomy":"post_tag","embeddable":true,"href":"https:\/\/www.santaritadopassaquatro.sp.gov.br\/portal\/wp-json\/wp\/v2\/tags?post=1721"}],"curies":[{"name":"wp","href":"https:\/\/api.w.org\/{rel}","templated":true}]}}