{"id":1724,"date":"2019-07-05T15:18:31","date_gmt":"2019-07-05T18:18:31","guid":{"rendered":"http:\/\/www.santaritadopassaquatro.sp.gov.br\/portal\/?p=1724"},"modified":"2019-07-05T15:18:31","modified_gmt":"2019-07-05T18:18:31","slug":"4o-estacao-rock-acontece-dia-20-de-julho-junto-a-competicao-esportiva","status":"publish","type":"post","link":"https:\/\/www.santaritadopassaquatro.sp.gov.br\/portal\/4o-estacao-rock-acontece-dia-20-de-julho-junto-a-competicao-esportiva\/","title":{"rendered":"4\u00ba Esta\u00e7\u00e3o Rock acontece dia 20 de julho, junto a competi\u00e7\u00e3o esportiva"},"content":{"rendered":"<p><strong><em>Evento ir\u00e1 reunir cinco bandas locais na pra\u00e7a Poeta Mario Mattoso no mesmo dia que acontece a <\/em><\/strong><strong><em>4\u00b0 etapa da Run Fast<\/em><\/strong><\/p>\n<p>&nbsp;<\/p>\n<figure id=\"attachment_1725\" aria-describedby=\"caption-attachment-1725\" style=\"width: 323px\" class=\"wp-caption alignleft\"><img decoding=\"async\" class=\"wp-image-1725 \" src=\"http:\/\/www.santaritadopassaquatro.sp.gov.br\/portal\/wp-content\/uploads\/2019\/07\/estacao_rock_2018_4-300x200.jpg\" alt=\"\" width=\"323\" height=\"215\" srcset=\"https:\/\/www.santaritadopassaquatro.sp.gov.br\/portal\/wp-content\/uploads\/2019\/07\/estacao_rock_2018_4-300x200.jpg 300w, https:\/\/www.santaritadopassaquatro.sp.gov.br\/portal\/wp-content\/uploads\/2019\/07\/estacao_rock_2018_4-768x512.jpg 768w, https:\/\/www.santaritadopassaquatro.sp.gov.br\/portal\/wp-content\/uploads\/2019\/07\/estacao_rock_2018_4-1024x683.jpg 1024w\" sizes=\"(max-width: 323px) 100vw, 323px\" \/><figcaption id=\"caption-attachment-1725\" class=\"wp-caption-text\"><span style=\"font-size: 8pt; color: #999999;\"><em><strong>Banda e durante a edi\u00e7\u00e3o de 2018 do Esta\u00e7\u00e3o Rock, na Pra\u00e7a M\u00e1rio Mattoso \u00a0(Arquivo\/AssCom\/Divulga\u00e7\u00e3o)<\/strong><\/em><\/span><\/figcaption><\/figure>\n<p>Cinco bandas de Santa Rita do Passa Quatro se apresentam no 4\u00ba Esta\u00e7\u00e3o Rock, evento que acontece no pr\u00f3ximo dia 20 de julho, s\u00e1bado, a partir das 18 horas, no p\u00e1tio da Esta\u00e7\u00e3o (Museu Zequinha de Abreu), LPJ, Os Coveros, Pior Seria Se Pior Fosse, Covil de Aluguel e Mundo Novo ir\u00e3o mesclar v\u00e1rios estilos do g\u00eanero musical mais popular do mundo, com repert\u00f3rios variados que v\u00e3o do cl\u00e1ssico ao alternativo, mesclando sucesso e \u201clados B\u201d, entre o rock nacional e internacional.<\/p>\n<p>Promovido pelo Departamento Municipal de Turismo e Cultura, o Esta\u00e7\u00e3o Rock come\u00e7ou em 2017 por iniciativa das pr\u00f3prias bandas da cidade que buscam espa\u00e7o para poderem se apresentar. O objetivo do evento \u00e9 aproveitar o per\u00edodo de f\u00e9rias escolares para reunir as bandas e os f\u00e3s do g\u00eanero em uma esp\u00e9cie de festival independente.<\/p>\n<p>&nbsp;<\/p>\n<p><strong>ESPORTE<\/strong><\/p>\n<p>Junto aos shows tamb\u00e9m acontece mais uma etapa da Run Fast, corrida de rua, com expectativa de participa\u00e7\u00e3o de aproximadamente 400 atletas. Promovida pela Mixsport, com apoio do Departamento Municipal de Turismo, esta ser\u00e1 a 4\u00aa de oito etapas, sendo a \u00fanica noturna do calend\u00e1rio, com percurso de 6 quil\u00f4metros, a largada ser\u00e1 \u00e0s 19 horas, da Pra\u00e7a Poeta M\u00e1rio Mattoso, (Esta\u00e7\u00e3o) seguindo at\u00e9 o final da Av. Oscar de Oliveira Alves, ida e volta. Os interessados podem fazer suas inscri\u00e7\u00f5es no www.mixsport.com.br.<\/p>\n<p>&nbsp;<\/p>\n<p>&nbsp;<\/p>\n<p>&nbsp;<\/p>\n<p>&nbsp;<\/p>\n","protected":false},"excerpt":{"rendered":"<p>Evento ir\u00e1 reunir cinco bandas locais na pra\u00e7a Poeta Mario Mattoso no mesmo dia que acontece a 4\u00b0 etapa da<\/p>\n","protected":false},"author":1,"featured_media":1725,"comment_status":"closed","ping_status":"open","sticky":false,"template":"","format":"standard","meta":{"footnotes":""},"categories":[46],"tags":[],"class_list":["post-1724","post","type-post","status-publish","format-standard","has-post-thumbnail","hentry","category-cultura"],"_links":{"self":[{"href":"https:\/\/www.santaritadopassaquatro.sp.gov.br\/portal\/wp-json\/wp\/v2\/posts\/1724","targetHints":{"allow":["GET"]}}],"collection":[{"href":"https:\/\/www.santaritadopassaquatro.sp.gov.br\/portal\/wp-json\/wp\/v2\/posts"}],"about":[{"href":"https:\/\/www.santaritadopassaquatro.sp.gov.br\/portal\/wp-json\/wp\/v2\/types\/post"}],"author":[{"embeddable":true,"href":"https:\/\/www.santaritadopassaquatro.sp.gov.br\/portal\/wp-json\/wp\/v2\/users\/1"}],"replies":[{"embeddable":true,"href":"https:\/\/www.santaritadopassaquatro.sp.gov.br\/portal\/wp-json\/wp\/v2\/comments?post=1724"}],"version-history":[{"count":0,"href":"https:\/\/www.santaritadopassaquatro.sp.gov.br\/portal\/wp-json\/wp\/v2\/posts\/1724\/revisions"}],"wp:featuredmedia":[{"embeddable":true,"href":"https:\/\/www.santaritadopassaquatro.sp.gov.br\/portal\/wp-json\/wp\/v2\/media\/1725"}],"wp:attachment":[{"href":"https:\/\/www.santaritadopassaquatro.sp.gov.br\/portal\/wp-json\/wp\/v2\/media?parent=1724"}],"wp:term":[{"taxonomy":"category","embeddable":true,"href":"https:\/\/www.santaritadopassaquatro.sp.gov.br\/portal\/wp-json\/wp\/v2\/categories?post=1724"},{"taxonomy":"post_tag","embeddable":true,"href":"https:\/\/www.santaritadopassaquatro.sp.gov.br\/portal\/wp-json\/wp\/v2\/tags?post=1724"}],"curies":[{"name":"wp","href":"https:\/\/api.w.org\/{rel}","templated":true}]}}