{"id":1727,"date":"2019-07-05T15:20:50","date_gmt":"2019-07-05T18:20:50","guid":{"rendered":"http:\/\/www.santaritadopassaquatro.sp.gov.br\/portal\/?p=1727"},"modified":"2019-07-05T15:20:50","modified_gmt":"2019-07-05T18:20:50","slug":"abertas-as-inscricoes-para-oficina-de-confeccao-de-fantoches","status":"publish","type":"post","link":"https:\/\/www.santaritadopassaquatro.sp.gov.br\/portal\/abertas-as-inscricoes-para-oficina-de-confeccao-de-fantoches\/","title":{"rendered":"Abertas as inscri\u00e7\u00f5es para oficina de Confec\u00e7\u00e3o de Fantoches"},"content":{"rendered":"<p><strong><em>Atividade ser\u00e1 ministrada pelo ator Paulo Balderramas a partir de 30 de julho <\/em><\/strong><\/p>\n<p>&nbsp;<\/p>\n<figure id=\"attachment_1728\" aria-describedby=\"caption-attachment-1728\" style=\"width: 431px\" class=\"wp-caption alignleft\"><img decoding=\"async\" class=\"wp-image-1728\" src=\"http:\/\/www.santaritadopassaquatro.sp.gov.br\/portal\/wp-content\/uploads\/2019\/07\/paulo_balderramas-300x131.png\" alt=\"\" width=\"431\" height=\"188\" srcset=\"https:\/\/www.santaritadopassaquatro.sp.gov.br\/portal\/wp-content\/uploads\/2019\/07\/paulo_balderramas-300x131.png 300w, https:\/\/www.santaritadopassaquatro.sp.gov.br\/portal\/wp-content\/uploads\/2019\/07\/paulo_balderramas-768x334.png 768w, https:\/\/www.santaritadopassaquatro.sp.gov.br\/portal\/wp-content\/uploads\/2019\/07\/paulo_balderramas-1024x446.png 1024w, https:\/\/www.santaritadopassaquatro.sp.gov.br\/portal\/wp-content\/uploads\/2019\/07\/paulo_balderramas.png 1240w\" sizes=\"(max-width: 431px) 100vw, 431px\" \/><figcaption id=\"caption-attachment-1728\" class=\"wp-caption-text\"><span style=\"font-size: 8pt; color: #999999;\"><em><strong>Paulo Balderramas que ir\u00e1 ministrar a Oficina de Confec\u00e7\u00e3o de Fantoches em Santa Rita (Divulga\u00e7\u00e3o)<\/strong><\/em><\/span><\/figcaption><\/figure>\n<p>O Departamento de Cultura da Prefeitura Municipal de Santa Rita do Passa Quatro est\u00e1 com inscri\u00e7\u00f5es abertas para a Oficina de Confec\u00e7\u00e3o de Fantoches, com Paulo Balderramas. Gratuita e destinada a toda popula\u00e7\u00e3o, a oficina acontece de 30 de julho \u00e0 1\u00ba de agosto, ter\u00e7a, quarta e quinta-feira, das 19h \u00e0s 22 horas, no Pavilh\u00e3o Cultural.<\/p>\n<p>Ao todo s\u00e3o 25 vagas, com idade m\u00ednima de 16 anos, e as inscri\u00e7\u00f5es devem ser feitas exclusivamente <a href=\"https:\/\/forms.gle\/HRciw6RpvfAAgA2n7\">pela internet (clique aqui)<\/a>.\u00a0 A sele\u00e7\u00e3o ser\u00e1 por ordem de inscri\u00e7\u00e3o.<\/p>\n<p>A atividade \u00e9 indicada principalmente para educadores, que podem levar os fantoches para as escolas, ruas e lares, utilizando todo o potencial que eles carregam, em seu mundo m\u00e1gico, para ajudar a promover o desenvolvimento integral dos alunos. Podendo usar materiais baratos, e at\u00e9 mesmo usados ou reciclados, mostrando para as crian\u00e7as a import\u00e2ncia da sustentabilidade por exemplo.<\/p>\n<p>Paulo Balderramas (DRT 0044249\/SP) \u00e9 ator, diretor e produtor de espet\u00e1culos infantis desde 1984, na cidade de Bauru (SP). Iniciou sua carreira fazendo apresenta\u00e7\u00e3o de teatro de fantoches nas escolas da cidade e com o passar do tempo foi aperfei\u00e7oando a arte de representar e produzir seus espet\u00e1culos. Recebeu seu primeiro certificado do \u201cCurso de Confec\u00e7\u00e3o de Fantoches\u201d emitido pelo Servi\u00e7o Social do Com\u00e9rcio \u2013 SESC BAURU em 1984. Atualmente produz e atua no espet\u00e1culo infantil \u201cTio Conta Contos\u201d.<\/p>\n<p>&nbsp;<\/p>\n<p>&nbsp;<\/p>\n","protected":false},"excerpt":{"rendered":"<p>Atividade ser\u00e1 ministrada pelo ator Paulo Balderramas a partir de 30 de julho &nbsp; O Departamento de Cultura da Prefeitura<\/p>\n","protected":false},"author":1,"featured_media":1728,"comment_status":"closed","ping_status":"open","sticky":false,"template":"","format":"standard","meta":{"footnotes":""},"categories":[46,52],"tags":[],"class_list":["post-1727","post","type-post","status-publish","format-standard","has-post-thumbnail","hentry","category-cultura","category-latest"],"_links":{"self":[{"href":"https:\/\/www.santaritadopassaquatro.sp.gov.br\/portal\/wp-json\/wp\/v2\/posts\/1727","targetHints":{"allow":["GET"]}}],"collection":[{"href":"https:\/\/www.santaritadopassaquatro.sp.gov.br\/portal\/wp-json\/wp\/v2\/posts"}],"about":[{"href":"https:\/\/www.santaritadopassaquatro.sp.gov.br\/portal\/wp-json\/wp\/v2\/types\/post"}],"author":[{"embeddable":true,"href":"https:\/\/www.santaritadopassaquatro.sp.gov.br\/portal\/wp-json\/wp\/v2\/users\/1"}],"replies":[{"embeddable":true,"href":"https:\/\/www.santaritadopassaquatro.sp.gov.br\/portal\/wp-json\/wp\/v2\/comments?post=1727"}],"version-history":[{"count":0,"href":"https:\/\/www.santaritadopassaquatro.sp.gov.br\/portal\/wp-json\/wp\/v2\/posts\/1727\/revisions"}],"wp:featuredmedia":[{"embeddable":true,"href":"https:\/\/www.santaritadopassaquatro.sp.gov.br\/portal\/wp-json\/wp\/v2\/media\/1728"}],"wp:attachment":[{"href":"https:\/\/www.santaritadopassaquatro.sp.gov.br\/portal\/wp-json\/wp\/v2\/media?parent=1727"}],"wp:term":[{"taxonomy":"category","embeddable":true,"href":"https:\/\/www.santaritadopassaquatro.sp.gov.br\/portal\/wp-json\/wp\/v2\/categories?post=1727"},{"taxonomy":"post_tag","embeddable":true,"href":"https:\/\/www.santaritadopassaquatro.sp.gov.br\/portal\/wp-json\/wp\/v2\/tags?post=1727"}],"curies":[{"name":"wp","href":"https:\/\/api.w.org\/{rel}","templated":true}]}}