{"id":1734,"date":"2019-07-05T15:28:45","date_gmt":"2019-07-05T18:28:45","guid":{"rendered":"http:\/\/www.santaritadopassaquatro.sp.gov.br\/portal\/?p=1734"},"modified":"2019-07-05T15:28:45","modified_gmt":"2019-07-05T18:28:45","slug":"27o-festival-de-tradicoes-italianas-santa-rita-celebra-as-tradicoes-italianas-a-partir-deste-sabado","status":"publish","type":"post","link":"https:\/\/www.santaritadopassaquatro.sp.gov.br\/portal\/27o-festival-de-tradicoes-italianas-santa-rita-celebra-as-tradicoes-italianas-a-partir-deste-sabado\/","title":{"rendered":"27\u00ba FESTIVAL DE TRADI\u00c7\u00d5ES ITALIANAS:\u00a0Santa Rita celebra as tradi\u00e7\u00f5es italianas \u00e0 partir deste s\u00e1bado"},"content":{"rendered":"<p><strong><em>Expectativa \u00e9 mais uma vez de grande participa\u00e7\u00e3o do p\u00fablico da regi\u00e3o, em raz\u00e3o do fim de semana prolongado <\/em><\/strong><\/p>\n<p>&nbsp;<\/p>\n<figure id=\"attachment_1736\" aria-describedby=\"caption-attachment-1736\" style=\"width: 300px\" class=\"wp-caption alignleft\"><img decoding=\"async\" class=\"wp-image-1736 size-medium\" src=\"http:\/\/www.santaritadopassaquatro.sp.gov.br\/portal\/wp-content\/uploads\/2019\/07\/Festa_Italiana2018_banda_Via_Roma-300x200.jpg\" alt=\"\" width=\"300\" height=\"200\" srcset=\"https:\/\/www.santaritadopassaquatro.sp.gov.br\/portal\/wp-content\/uploads\/2019\/07\/Festa_Italiana2018_banda_Via_Roma-300x200.jpg 300w, https:\/\/www.santaritadopassaquatro.sp.gov.br\/portal\/wp-content\/uploads\/2019\/07\/Festa_Italiana2018_banda_Via_Roma-768x512.jpg 768w, https:\/\/www.santaritadopassaquatro.sp.gov.br\/portal\/wp-content\/uploads\/2019\/07\/Festa_Italiana2018_banda_Via_Roma-1024x683.jpg 1024w\" sizes=\"(max-width: 300px) 100vw, 300px\" \/><figcaption id=\"caption-attachment-1736\" class=\"wp-caption-text\"><span style=\"font-size: 8pt; color: #999999;\"><em><strong>Atra\u00e7\u00e3o do ano passado, a banda Via Roma volta \u00e0 Santa Rita para mais uma Festa Italiana (Arquivo\/AssCom\/Divulga\u00e7\u00e3o)<\/strong><\/em><\/span><\/figcaption><\/figure>\n<p>Santa Rita do Passa Quatro celebra suas tradi\u00e7\u00f5es italianas a partir deste s\u00e1bado (6\/6), quando acontece o evento mais aguardado do ano em toda regi\u00e3o.\u00a0 O 27\u00ba Festival de Tradi\u00e7\u00f5es Italianas acontece at\u00e9 a segunda-feira (8\/6), v\u00e9spera de feriado, na Pra\u00e7a Poeta M\u00e1rio Mattoso (Pra\u00e7a da Esta\u00e7\u00e3o), reunindo m\u00fasica, dan\u00e7a e o melhor da gastronomia t\u00edpica do pa\u00eds homenageado.<\/p>\n<p>A data antecede o feriado de 9 de julho (quando comemora-se a Revolu\u00e7\u00e3o Constitucionalista de 1932) por isso a expectativa \u00e9 de grande participa\u00e7\u00e3o do p\u00fablico das cidades da regi\u00e3o e tamb\u00e9m de turistas de localidades mais distantes, como acontece todos os anos.<\/p>\n<p>Promovido pelo Departamento de Cultura e Turismo da prefeitura santa-ritense, em conjunto com entidades assistenciais do munic\u00edpio, o evento ter\u00e1 abertura oficial no s\u00e1bado, \u00e0 partir das 19h30, com o Coral Professor Oct\u00e1vio Bueno de Camargo e Banda Zequinha de Abreu.<\/p>\n<figure id=\"attachment_1735\" aria-describedby=\"caption-attachment-1735\" style=\"width: 300px\" class=\"wp-caption alignright\"><img decoding=\"async\" class=\"wp-image-1735 size-medium\" src=\"http:\/\/www.santaritadopassaquatro.sp.gov.br\/portal\/wp-content\/uploads\/2019\/07\/Festa_Italiana2018_banda_abertura-300x200.jpg\" alt=\"\" width=\"300\" height=\"200\" srcset=\"https:\/\/www.santaritadopassaquatro.sp.gov.br\/portal\/wp-content\/uploads\/2019\/07\/Festa_Italiana2018_banda_abertura-300x200.jpg 300w, https:\/\/www.santaritadopassaquatro.sp.gov.br\/portal\/wp-content\/uploads\/2019\/07\/Festa_Italiana2018_banda_abertura-768x512.jpg 768w, https:\/\/www.santaritadopassaquatro.sp.gov.br\/portal\/wp-content\/uploads\/2019\/07\/Festa_Italiana2018_banda_abertura-1024x683.jpg 1024w\" sizes=\"(max-width: 300px) 100vw, 300px\" \/><figcaption id=\"caption-attachment-1735\" class=\"wp-caption-text\"><span style=\"font-size: 8pt; color: #999999;\"><em><strong>A Banda Zequinha de Abreu, durante a abertura do Festival de Tradi\u00e7\u00f5es Italianas (Arquivo\/AssCom\/Divulga\u00e7\u00e3o)<\/strong><\/em><\/span><\/figcaption><\/figure>\n<p>E a programa\u00e7\u00e3o musical ir\u00e1 contar com tr\u00eas bandas diferentes, que se destacam pelo repert\u00f3rio t\u00edpico italiano. Na primeira noite o show ser\u00e1 com a banda Via Roma, atra\u00e7\u00e3o do ano passado, volta ao palco da Esta\u00e7\u00e3o para mais uma noite memor\u00e1vel. No domingo (7\/7), tem outra atra\u00e7\u00e3o j\u00e1 conhecida, com Ivano Italian\u00edssimo e abertura do Studio Arte &amp; Movimento. A festa termina a segunda-feira (8\/7), v\u00e9spera de feriado, com a banda Viva It\u00e1lia, mais uma conhecida do p\u00fablico.<\/p>\n<p>Al\u00e9m das atra\u00e7\u00f5es musicais em sua programa\u00e7\u00e3o, com bandas consagradas no cen\u00e1rio nacional da m\u00fasica italiana e atra\u00e7\u00f5es locais, a Festa Italiana deste tamb\u00e9m dever\u00e1 contar com as entidades assistenciais que ir\u00e3o oferecer os mais variados pratos, num verdadeiro festival gastron\u00f4mico t\u00edpico.<\/p>\n<figure id=\"attachment_1738\" aria-describedby=\"caption-attachment-1738\" style=\"width: 300px\" class=\"wp-caption alignleft\"><img decoding=\"async\" class=\"wp-image-1738 size-medium\" src=\"http:\/\/www.santaritadopassaquatro.sp.gov.br\/portal\/wp-content\/uploads\/2019\/07\/festa_italiana1994-300x211.jpg\" alt=\"\" width=\"300\" height=\"211\" srcset=\"https:\/\/www.santaritadopassaquatro.sp.gov.br\/portal\/wp-content\/uploads\/2019\/07\/festa_italiana1994-300x211.jpg 300w, https:\/\/www.santaritadopassaquatro.sp.gov.br\/portal\/wp-content\/uploads\/2019\/07\/festa_italiana1994-768x541.jpg 768w, https:\/\/www.santaritadopassaquatro.sp.gov.br\/portal\/wp-content\/uploads\/2019\/07\/festa_italiana1994-1024x721.jpg 1024w, https:\/\/www.santaritadopassaquatro.sp.gov.br\/portal\/wp-content\/uploads\/2019\/07\/festa_italiana1994-130x90.jpg 130w\" sizes=\"(max-width: 300px) 100vw, 300px\" \/><figcaption id=\"caption-attachment-1738\" class=\"wp-caption-text\"><span style=\"font-size: 8pt; color: #999999;\"><em><strong>P\u00fablico na Pra\u00e7a da Esta\u00e7\u00e3o, durante o 2\u00ba Festival de Tradi\u00e7\u00f5es Italianas, promovido em 1994 (arquivo pessoal)<\/strong><\/em><\/span><\/figcaption><\/figure>\n<p>Lar Dom Luis Carbulotto, Recanto Juvenil Santa Rita (entidades do Instituto das Filhas de S\u00e3o Jos\u00e9), Lar S\u00e3o Vicente de Paula, Par\u00f3quia S\u00e3o Jos\u00e9 Oper\u00e1rio, Projeto Maria, Fundo Social de Solidariedade e Associa\u00e7\u00e3o Jequitib\u00e1 (CAIS_SR) ir\u00e3o oferecer uma grande variedade de pratos, entre doces e salgados, al\u00e9m do tradicional vinho.<\/p>\n<p>O Festival de Tradi\u00e7\u00f5es Italianas \u00e9 uma festa caracter\u00edstica do munic\u00edpio santa-ritense, pois homenageia os imigrantes europeus que aqui chegaram no s\u00e9culo passado e, com seu trabalho, colaboraram com o desenvolvimento e a cultura local.<\/p>\n<p>&nbsp;<\/p>\n<p>&nbsp;<\/p>\n<p><strong>SERVI\u00c7O<\/strong><\/p>\n<p><strong>27\u00ba FESTIVAL DE TRADI\u00c7\u00d5ES ITALIANAS DE SANTA RITA DO PASSA QUATRO<br \/>\nM\u00fasica, dan\u00e7a e gastronomia t\u00edpica<br \/>\nDATA: <\/strong>6, 7 e 8 de julho.<br \/>\n<strong>HOR\u00c1RIO:<\/strong> \u00e0 partir das 19h30.<br \/>\n<strong>LOCAL:<\/strong> Pra\u00e7a Poeta M\u00e1rio Mattoso (Esta\u00e7\u00e3o).<\/p>\n<p><strong>ATRA\u00c7\u00d5ES:<br \/>\nS\u00e1bado (6\/6): <\/strong>Abertura com Coral Prof. Oct\u00e1vio Bueno de Camargo e Banda Zequinha de Abreu. Show com a banda Via Roma.<br \/>\n<strong>Domingo (7\/6):<\/strong> abertura com Studio Arte &amp; Movimento e show de Ivano Italian\u00edssimo.<br \/>\n<strong>Segunda-feira (8\/6):<\/strong> show com a banda Viva It\u00e1lia.<br \/>\n<strong>ENTRADA GRATUITA<\/strong><\/p>\n<p>&nbsp;<\/p>\n","protected":false},"excerpt":{"rendered":"<p>Expectativa \u00e9 mais uma vez de grande participa\u00e7\u00e3o do p\u00fablico da regi\u00e3o, em raz\u00e3o do fim de semana prolongado &nbsp;<\/p>\n","protected":false},"author":1,"featured_media":1737,"comment_status":"closed","ping_status":"open","sticky":false,"template":"","format":"standard","meta":{"footnotes":""},"categories":[46,52,60],"tags":[],"class_list":["post-1734","post","type-post","status-publish","format-standard","has-post-thumbnail","hentry","category-cultura","category-latest","category-turismo"],"_links":{"self":[{"href":"https:\/\/www.santaritadopassaquatro.sp.gov.br\/portal\/wp-json\/wp\/v2\/posts\/1734","targetHints":{"allow":["GET"]}}],"collection":[{"href":"https:\/\/www.santaritadopassaquatro.sp.gov.br\/portal\/wp-json\/wp\/v2\/posts"}],"about":[{"href":"https:\/\/www.santaritadopassaquatro.sp.gov.br\/portal\/wp-json\/wp\/v2\/types\/post"}],"author":[{"embeddable":true,"href":"https:\/\/www.santaritadopassaquatro.sp.gov.br\/portal\/wp-json\/wp\/v2\/users\/1"}],"replies":[{"embeddable":true,"href":"https:\/\/www.santaritadopassaquatro.sp.gov.br\/portal\/wp-json\/wp\/v2\/comments?post=1734"}],"version-history":[{"count":0,"href":"https:\/\/www.santaritadopassaquatro.sp.gov.br\/portal\/wp-json\/wp\/v2\/posts\/1734\/revisions"}],"wp:featuredmedia":[{"embeddable":true,"href":"https:\/\/www.santaritadopassaquatro.sp.gov.br\/portal\/wp-json\/wp\/v2\/media\/1737"}],"wp:attachment":[{"href":"https:\/\/www.santaritadopassaquatro.sp.gov.br\/portal\/wp-json\/wp\/v2\/media?parent=1734"}],"wp:term":[{"taxonomy":"category","embeddable":true,"href":"https:\/\/www.santaritadopassaquatro.sp.gov.br\/portal\/wp-json\/wp\/v2\/categories?post=1734"},{"taxonomy":"post_tag","embeddable":true,"href":"https:\/\/www.santaritadopassaquatro.sp.gov.br\/portal\/wp-json\/wp\/v2\/tags?post=1734"}],"curies":[{"name":"wp","href":"https:\/\/api.w.org\/{rel}","templated":true}]}}