{"id":1753,"date":"2019-07-12T15:51:49","date_gmt":"2019-07-12T18:51:49","guid":{"rendered":"http:\/\/www.santaritadopassaquatro.sp.gov.br\/portal\/?p=1753"},"modified":"2019-07-12T15:51:49","modified_gmt":"2019-07-12T18:51:49","slug":"encerradas-as-inscricoes-para-oficina-de-confeccao-de-fantoches","status":"publish","type":"post","link":"https:\/\/www.santaritadopassaquatro.sp.gov.br\/portal\/encerradas-as-inscricoes-para-oficina-de-confeccao-de-fantoches\/","title":{"rendered":"Encerradas as inscri\u00e7\u00f5es para oficina de Confec\u00e7\u00e3o de Fantoches"},"content":{"rendered":"<p><strong><em>Atividade ser\u00e1 ministrada pelo ator Paulo Balderramas a partir de 30 de julho <\/em><\/strong><\/p>\n<p><strong><em>\u00a0<\/em><\/strong><\/p>\n<p><img decoding=\"async\" class=\"alignnone size-medium wp-image-1680 alignleft\" src=\"http:\/\/www.santaritadopassaquatro.sp.gov.br\/portal\/wp-content\/uploads\/2019\/06\/paulo_balderramas_fantoches-300x205.jpg\" alt=\"\" width=\"300\" height=\"205\" srcset=\"https:\/\/www.santaritadopassaquatro.sp.gov.br\/portal\/wp-content\/uploads\/2019\/06\/paulo_balderramas_fantoches-300x205.jpg 300w, https:\/\/www.santaritadopassaquatro.sp.gov.br\/portal\/wp-content\/uploads\/2019\/06\/paulo_balderramas_fantoches-768x524.jpg 768w, https:\/\/www.santaritadopassaquatro.sp.gov.br\/portal\/wp-content\/uploads\/2019\/06\/paulo_balderramas_fantoches-1024x699.jpg 1024w, https:\/\/www.santaritadopassaquatro.sp.gov.br\/portal\/wp-content\/uploads\/2019\/06\/paulo_balderramas_fantoches-130x90.jpg 130w, https:\/\/www.santaritadopassaquatro.sp.gov.br\/portal\/wp-content\/uploads\/2019\/06\/paulo_balderramas_fantoches.jpg 1172w\" sizes=\"(max-width: 300px) 100vw, 300px\" \/>Com grande procura do p\u00fablico, as inscri\u00e7\u00f5es para a Oficina de Confec\u00e7\u00e3o de Fantoches, com Paulo Balderramas, em Santa Rita do Passa Quatro, est\u00e3o encerradas, com as 25 vagas j\u00e1 preenchidas. Promovidas pelo Departamento de Cultura da Prefeitura Municipal a atividade gratuita acontece de 30 de julho \u00e0 1\u00ba de agosto, ter\u00e7a, quarta e quinta-feira, das 19h \u00e0s 22 horas, no Pavilh\u00e3o Cultural.<\/p>\n<p>A oficina \u00e9 indicada principalmente para educadores, que podem levar os fantoches para as escolas, ruas e lares, utilizando todo o potencial que eles carregam, em seu mundo m\u00e1gico, para ajudar a promover o desenvolvimento integral dos alunos. Podendo usar materiais baratos, e at\u00e9 mesmo usados ou reciclados, mostrando para as crian\u00e7as a import\u00e2ncia da sustentabilidade por exemplo.<\/p>\n<p>Paulo Balderramas (DRT 0044249\/SP) \u00e9 ator, diretor e produtor de espet\u00e1culos infantis desde 1984, na cidade de Bauru (SP). Iniciou sua carreira fazendo apresenta\u00e7\u00e3o de teatro de fantoches nas escolas da cidade e com o passar do tempo foi aperfei\u00e7oando a arte de representar e produzir seus espet\u00e1culos. Recebeu seu primeiro certificado do \u201cCurso de Confec\u00e7\u00e3o de Fantoches\u201d emitido pelo Servi\u00e7o Social do Com\u00e9rcio \u2013 SESC BAURU em 1984. Atualmente produz e atua no espet\u00e1culo infantil \u201cTio Conta Contos\u201d.<\/p>\n<p>&nbsp;<\/p>\n<p>&nbsp;<\/p>\n","protected":false},"excerpt":{"rendered":"<p>Atividade ser\u00e1 ministrada pelo ator Paulo Balderramas a partir de 30 de julho \u00a0 Com grande procura do p\u00fablico, as<\/p>\n","protected":false},"author":1,"featured_media":1728,"comment_status":"closed","ping_status":"open","sticky":false,"template":"","format":"standard","meta":{"footnotes":""},"categories":[46],"tags":[],"class_list":["post-1753","post","type-post","status-publish","format-standard","has-post-thumbnail","hentry","category-cultura"],"_links":{"self":[{"href":"https:\/\/www.santaritadopassaquatro.sp.gov.br\/portal\/wp-json\/wp\/v2\/posts\/1753","targetHints":{"allow":["GET"]}}],"collection":[{"href":"https:\/\/www.santaritadopassaquatro.sp.gov.br\/portal\/wp-json\/wp\/v2\/posts"}],"about":[{"href":"https:\/\/www.santaritadopassaquatro.sp.gov.br\/portal\/wp-json\/wp\/v2\/types\/post"}],"author":[{"embeddable":true,"href":"https:\/\/www.santaritadopassaquatro.sp.gov.br\/portal\/wp-json\/wp\/v2\/users\/1"}],"replies":[{"embeddable":true,"href":"https:\/\/www.santaritadopassaquatro.sp.gov.br\/portal\/wp-json\/wp\/v2\/comments?post=1753"}],"version-history":[{"count":0,"href":"https:\/\/www.santaritadopassaquatro.sp.gov.br\/portal\/wp-json\/wp\/v2\/posts\/1753\/revisions"}],"wp:featuredmedia":[{"embeddable":true,"href":"https:\/\/www.santaritadopassaquatro.sp.gov.br\/portal\/wp-json\/wp\/v2\/media\/1728"}],"wp:attachment":[{"href":"https:\/\/www.santaritadopassaquatro.sp.gov.br\/portal\/wp-json\/wp\/v2\/media?parent=1753"}],"wp:term":[{"taxonomy":"category","embeddable":true,"href":"https:\/\/www.santaritadopassaquatro.sp.gov.br\/portal\/wp-json\/wp\/v2\/categories?post=1753"},{"taxonomy":"post_tag","embeddable":true,"href":"https:\/\/www.santaritadopassaquatro.sp.gov.br\/portal\/wp-json\/wp\/v2\/tags?post=1753"}],"curies":[{"name":"wp","href":"https:\/\/api.w.org\/{rel}","templated":true}]}}