{"id":1761,"date":"2019-07-12T16:01:01","date_gmt":"2019-07-12T19:01:01","guid":{"rendered":"http:\/\/www.santaritadopassaquatro.sp.gov.br\/portal\/?p=1761"},"modified":"2019-07-12T16:01:01","modified_gmt":"2019-07-12T19:01:01","slug":"corrego-dos-quatis-recebe-mutirao-de-limpeza-neste-sabado","status":"publish","type":"post","link":"https:\/\/www.santaritadopassaquatro.sp.gov.br\/portal\/corrego-dos-quatis-recebe-mutirao-de-limpeza-neste-sabado\/","title":{"rendered":"C\u00f3rrego dos Quatis recebe mutir\u00e3o de limpeza neste s\u00e1bado"},"content":{"rendered":"<p><strong><em>Departamento de Meio Ambiente, Controle de Vetores e DSM ir\u00e3o realizar trabalho de limpeza e aplica\u00e7\u00e3o de veneno nas margens<\/em><\/strong><\/p>\n<p><strong><em>\u00a0<\/em><\/strong><\/p>\n<figure id=\"attachment_1762\" aria-describedby=\"caption-attachment-1762\" style=\"width: 300px\" class=\"wp-caption alignleft\"><img decoding=\"async\" class=\"wp-image-1762 size-medium\" src=\"http:\/\/www.santaritadopassaquatro.sp.gov.br\/portal\/wp-content\/uploads\/2019\/07\/dengue_corrego-300x225.jpg\" alt=\"\" width=\"300\" height=\"225\" srcset=\"https:\/\/www.santaritadopassaquatro.sp.gov.br\/portal\/wp-content\/uploads\/2019\/07\/dengue_corrego-300x225.jpg 300w, https:\/\/www.santaritadopassaquatro.sp.gov.br\/portal\/wp-content\/uploads\/2019\/07\/dengue_corrego-768x576.jpg 768w, https:\/\/www.santaritadopassaquatro.sp.gov.br\/portal\/wp-content\/uploads\/2019\/07\/dengue_corrego-1024x768.jpg 1024w\" sizes=\"(max-width: 300px) 100vw, 300px\" \/><figcaption id=\"caption-attachment-1762\" class=\"wp-caption-text\"><span style=\"font-size: 8pt;\"><em><span style=\"color: #999999;\"><strong>Trecho do c\u00f3rrego Corumbata\u00ed que ir\u00e1 receber a\u00e7\u00e3o neste s\u00e1bado em combate ao Aedes aegypti (AssCom\/Divulga\u00e7\u00e3o)<\/strong><\/span><\/em><\/span><\/figcaption><\/figure>\n<p>Equipes dos departamentos de Meio Ambiente, Sa\u00fade e Servi\u00e7os Municipais da Prefeitura de Santa Rita do Passa Quatro promovem neste s\u00e1bado (13\/7) mais uma a\u00e7\u00e3o de preven\u00e7\u00e3o e combate a prolifera\u00e7\u00e3o do mosquito <em>Aedes aegypti<\/em>, transmissor das doen\u00e7as da Dengue, Zika V\u00edrus, Chikungunya e Febre Amarela. O trabalho ir\u00e1 ocorrer no C\u00f3rrego dos Quatis, da Rua Sete de Setembro at\u00e9 a Avenida Augusto Zorzi.<\/p>\n<p>No per\u00edodo da manh\u00e3, \u00e0 partir das 8 horas, as equipes ir\u00e3o recolher lixo e materiais depositados irregularmente aplicar inseticida em toda extens\u00e3o do c\u00f3rrego, al\u00e9m de realizar a conscientiza\u00e7\u00e3o dos moradores das proximidades. A equipe de controle de vetores alerta que os criadouros do mosquito n\u00e3o s\u00e3o formados no c\u00f3rrego, mas sim no lixo que \u00e9 acumulado nas suas margens.<\/p>\n<p>Est\u00e1 \u00e9 a segunda a\u00e7\u00e3o realizada neste mesmo c\u00f3rrego, em agosto de 2018, com participa\u00e7\u00e3o da 24 pessoas, entre funcion\u00e1rios da Garagem Municipal e a participa\u00e7\u00e3o volunt\u00e1rios, foram realizadas limpeza do c\u00f3rrego e vistoria de 274 im\u00f3veis entre terrenos e resid\u00eancias, com poss\u00edveis focos de dengue, al\u00e9m da conscientiza\u00e7\u00e3o dos moradores sobre manter suas margens limpas, e n\u00e3o descartar nenhum tipo de material que possa causar polui\u00e7\u00e3o. Foi recolhido nessa a\u00e7\u00e3o um caminh\u00e3o de poss\u00edveis criadouros como: pneus, pl\u00e1sticos, latas, tanques, tambores, lona e etc. Sendo que desses, 3 locais com larvas.<\/p>\n<p>&nbsp;<\/p>\n<p>&nbsp;<\/p>\n<p>&nbsp;<\/p>\n<p>&nbsp;<\/p>\n","protected":false},"excerpt":{"rendered":"<p>Departamento de Meio Ambiente, Controle de Vetores e DSM ir\u00e3o realizar trabalho de limpeza e aplica\u00e7\u00e3o de veneno nas margens<\/p>\n","protected":false},"author":1,"featured_media":1762,"comment_status":"closed","ping_status":"open","sticky":false,"template":"","format":"standard","meta":{"footnotes":""},"categories":[53,58],"tags":[],"class_list":["post-1761","post","type-post","status-publish","format-standard","has-post-thumbnail","hentry","category-meio-ambiente","category-health"],"_links":{"self":[{"href":"https:\/\/www.santaritadopassaquatro.sp.gov.br\/portal\/wp-json\/wp\/v2\/posts\/1761","targetHints":{"allow":["GET"]}}],"collection":[{"href":"https:\/\/www.santaritadopassaquatro.sp.gov.br\/portal\/wp-json\/wp\/v2\/posts"}],"about":[{"href":"https:\/\/www.santaritadopassaquatro.sp.gov.br\/portal\/wp-json\/wp\/v2\/types\/post"}],"author":[{"embeddable":true,"href":"https:\/\/www.santaritadopassaquatro.sp.gov.br\/portal\/wp-json\/wp\/v2\/users\/1"}],"replies":[{"embeddable":true,"href":"https:\/\/www.santaritadopassaquatro.sp.gov.br\/portal\/wp-json\/wp\/v2\/comments?post=1761"}],"version-history":[{"count":0,"href":"https:\/\/www.santaritadopassaquatro.sp.gov.br\/portal\/wp-json\/wp\/v2\/posts\/1761\/revisions"}],"wp:featuredmedia":[{"embeddable":true,"href":"https:\/\/www.santaritadopassaquatro.sp.gov.br\/portal\/wp-json\/wp\/v2\/media\/1762"}],"wp:attachment":[{"href":"https:\/\/www.santaritadopassaquatro.sp.gov.br\/portal\/wp-json\/wp\/v2\/media?parent=1761"}],"wp:term":[{"taxonomy":"category","embeddable":true,"href":"https:\/\/www.santaritadopassaquatro.sp.gov.br\/portal\/wp-json\/wp\/v2\/categories?post=1761"},{"taxonomy":"post_tag","embeddable":true,"href":"https:\/\/www.santaritadopassaquatro.sp.gov.br\/portal\/wp-json\/wp\/v2\/tags?post=1761"}],"curies":[{"name":"wp","href":"https:\/\/api.w.org\/{rel}","templated":true}]}}