{"id":1775,"date":"2019-07-12T16:20:49","date_gmt":"2019-07-12T19:20:49","guid":{"rendered":"http:\/\/www.santaritadopassaquatro.sp.gov.br\/portal\/?p=1775"},"modified":"2019-07-12T16:20:49","modified_gmt":"2019-07-12T19:20:49","slug":"27o-festival-de-tradicoes-italianas-destaca-turismo-de-santa-rita-em-toda-regiao","status":"publish","type":"post","link":"https:\/\/www.santaritadopassaquatro.sp.gov.br\/portal\/27o-festival-de-tradicoes-italianas-destaca-turismo-de-santa-rita-em-toda-regiao\/","title":{"rendered":"27\u00ba Festival de Tradi\u00e7\u00f5es Italianas destaca turismo de Santa Rita em toda regi\u00e3o"},"content":{"rendered":"<p><strong><em>Evento mais uma vez supera expectativas com grande p\u00fablico, incluindo muitos turistas, lotando mais uma vez a Pra\u00e7a Poeta M\u00e1rio Mattoso <\/em><\/strong><\/p>\n<p>&nbsp;<\/p>\n<figure id=\"attachment_1777\" aria-describedby=\"caption-attachment-1777\" style=\"width: 300px\" class=\"wp-caption alignleft\"><img decoding=\"async\" class=\"wp-image-1777 size-medium\" src=\"http:\/\/www.santaritadopassaquatro.sp.gov.br\/portal\/wp-content\/uploads\/2019\/07\/Festa_Italiana_foto02_abertura_autoridades-300x200.jpg\" alt=\"\" width=\"300\" height=\"200\" srcset=\"https:\/\/www.santaritadopassaquatro.sp.gov.br\/portal\/wp-content\/uploads\/2019\/07\/Festa_Italiana_foto02_abertura_autoridades-300x200.jpg 300w, https:\/\/www.santaritadopassaquatro.sp.gov.br\/portal\/wp-content\/uploads\/2019\/07\/Festa_Italiana_foto02_abertura_autoridades-768x512.jpg 768w, https:\/\/www.santaritadopassaquatro.sp.gov.br\/portal\/wp-content\/uploads\/2019\/07\/Festa_Italiana_foto02_abertura_autoridades-1024x683.jpg 1024w\" sizes=\"(max-width: 300px) 100vw, 300px\" \/><figcaption id=\"caption-attachment-1777\" class=\"wp-caption-text\"><span style=\"font-size: 8pt; color: #808080;\"><em><strong>Autoridades presentes na solenidade de abertura do evento (Divulga\u00e7\u00e3o)<\/strong><\/em><\/span><\/figcaption><\/figure>\n<p>Clima frio, massas, vinho, m\u00fasica e muito calor humano. Assim foi mais um Festival de Tradi\u00e7\u00f5es Italianas, que chagou a sua 27\u00aa edi\u00e7\u00e3o consagrado pelo p\u00fablico de Santa Rita do Passa Quatro e turistas, destacando o munic\u00edpio em toda regi\u00e3o e nas localidades mais distantes. O evento que celebra suas tradi\u00e7\u00f5es \u00e9 o mais aguardado do ano na Est\u00e2ncia e toda regi\u00e3o, atraindo visitantes de diversas cidades, al\u00e9m da m\u00eddia.<\/p>\n<figure id=\"attachment_1778\" aria-describedby=\"caption-attachment-1778\" style=\"width: 300px\" class=\"wp-caption alignright\"><img decoding=\"async\" class=\"wp-image-1778 size-medium\" src=\"http:\/\/www.santaritadopassaquatro.sp.gov.br\/portal\/wp-content\/uploads\/2019\/07\/Festa_Italiana_foto03_abertura_prefeitos-300x200.jpg\" alt=\"\" width=\"300\" height=\"200\" srcset=\"https:\/\/www.santaritadopassaquatro.sp.gov.br\/portal\/wp-content\/uploads\/2019\/07\/Festa_Italiana_foto03_abertura_prefeitos-300x200.jpg 300w, https:\/\/www.santaritadopassaquatro.sp.gov.br\/portal\/wp-content\/uploads\/2019\/07\/Festa_Italiana_foto03_abertura_prefeitos-768x512.jpg 768w, https:\/\/www.santaritadopassaquatro.sp.gov.br\/portal\/wp-content\/uploads\/2019\/07\/Festa_Italiana_foto03_abertura_prefeitos-1024x683.jpg 1024w\" sizes=\"(max-width: 300px) 100vw, 300px\" \/><figcaption id=\"caption-attachment-1778\" class=\"wp-caption-text\"><span style=\"font-size: 8pt; color: #808080;\"><em><strong>O prefeito agradece ao ex-prefeito Barbuinho pela cria\u00e7\u00e3o da festa que hoje consagra o turismo em Santa Rita (AssCom\/Divulga\u00e7\u00e3o)<\/strong><\/em><\/span><\/figcaption><\/figure>\n<p>Promovido pelo Departamento de Cultura e Turismo da Prefeitura Municipal, o evento come\u00e7ou no s\u00e1bado (6\/7) e foi at\u00e9 segunda (8\/7), v\u00e9spera de feriado, na Pra\u00e7a Poeta M\u00e1rio Mattoso, reunindo m\u00fasica, dan\u00e7a e o melhor da gastronomia t\u00edpica do pa\u00eds homenageado.<\/p>\n<figure id=\"attachment_1779\" aria-describedby=\"caption-attachment-1779\" style=\"width: 300px\" class=\"wp-caption alignleft\"><img decoding=\"async\" class=\"wp-image-1779 size-medium\" src=\"http:\/\/www.santaritadopassaquatro.sp.gov.br\/portal\/wp-content\/uploads\/2019\/07\/Festa_Italiana_foto04_abertura_banda-300x200.jpg\" alt=\"\" width=\"300\" height=\"200\" srcset=\"https:\/\/www.santaritadopassaquatro.sp.gov.br\/portal\/wp-content\/uploads\/2019\/07\/Festa_Italiana_foto04_abertura_banda-300x200.jpg 300w, https:\/\/www.santaritadopassaquatro.sp.gov.br\/portal\/wp-content\/uploads\/2019\/07\/Festa_Italiana_foto04_abertura_banda-768x512.jpg 768w, https:\/\/www.santaritadopassaquatro.sp.gov.br\/portal\/wp-content\/uploads\/2019\/07\/Festa_Italiana_foto04_abertura_banda-1024x683.jpg 1024w\" sizes=\"(max-width: 300px) 100vw, 300px\" \/><figcaption id=\"caption-attachment-1779\" class=\"wp-caption-text\"><span style=\"font-size: 8pt; color: #808080;\"><em><strong>A banda Zequinha de Abreu e coral Octavio Bueno de Camargo respons\u00e1veis pela execu\u00e7\u00e3o dos hinos do Brasil, It\u00e1lia e de Santa Rita (AssCom\/Divulga\u00e7\u00e3o)<\/strong><\/em><\/span><\/figcaption><\/figure>\n<p>A abertura da festa contou com a presen\u00e7a do prefeito Leandro Luciano dos Santos, da vice-prefeita Maria Rira Mondin de Oliveira, estiveram diretores municipais, vereadores, entre outros, com destaque para o ex-prefeito Jos\u00e9 Roberto Barbuio, o Barbuinho, criador da festa, em 1993, durante sua gest\u00e3o. Tamb\u00e9m esteve entre as autoridades, o presidente da GS Inima do Brasil, acionista da Comasa, empresa concession\u00e1ria respons\u00e1vel pelo saneamento do munic\u00edpio, Paulo Roberto de Oliveira.<\/p>\n<figure id=\"attachment_1783\" aria-describedby=\"caption-attachment-1783\" style=\"width: 300px\" class=\"wp-caption alignright\"><img decoding=\"async\" class=\"wp-image-1783 size-medium\" src=\"http:\/\/www.santaritadopassaquatro.sp.gov.br\/portal\/wp-content\/uploads\/2019\/07\/Festa_Italiana_foto08_Ivano-300x200.jpg\" alt=\"\" width=\"300\" height=\"200\" srcset=\"https:\/\/www.santaritadopassaquatro.sp.gov.br\/portal\/wp-content\/uploads\/2019\/07\/Festa_Italiana_foto08_Ivano-300x200.jpg 300w, https:\/\/www.santaritadopassaquatro.sp.gov.br\/portal\/wp-content\/uploads\/2019\/07\/Festa_Italiana_foto08_Ivano-768x512.jpg 768w, https:\/\/www.santaritadopassaquatro.sp.gov.br\/portal\/wp-content\/uploads\/2019\/07\/Festa_Italiana_foto08_Ivano-1024x683.jpg 1024w\" sizes=\"(max-width: 300px) 100vw, 300px\" \/><figcaption id=\"caption-attachment-1783\" class=\"wp-caption-text\"><span style=\"font-size: 8pt; color: #808080;\"><strong>A bandas Via Roma, Brasit\u00e1lia e Viva It\u00e1lia foram as atra\u00e7\u00f5es musicais no palco montado no p\u00e1tio da Esta\u00e7\u00e3o (AssCom\/Divulga\u00e7\u00e3o)<\/strong><\/span><\/figcaption><\/figure>\n<p>Durante seus discursos, prefeito e vice parabenizaram os organizadores da festa, bem como os volunt\u00e1rios que se dedicam ao extremo, junto \u00e0s entidades, e todos os respons\u00e1veis pelo sucesso do evento. O prefeito tamb\u00e9m ressaltou o in\u00edcio do evento, na gest\u00e3o Barbuinho, pela sua vis\u00e3o de futuro, conduzindo Santa Rita rumo ao turismo.<\/p>\n<figure id=\"attachment_1782\" aria-describedby=\"caption-attachment-1782\" style=\"width: 300px\" class=\"wp-caption alignleft\"><img decoding=\"async\" class=\"wp-image-1782 size-medium\" src=\"http:\/\/www.santaritadopassaquatro.sp.gov.br\/portal\/wp-content\/uploads\/2019\/07\/Festa_Italiana_foto07_danca-300x200.jpg\" alt=\"\" width=\"300\" height=\"200\" srcset=\"https:\/\/www.santaritadopassaquatro.sp.gov.br\/portal\/wp-content\/uploads\/2019\/07\/Festa_Italiana_foto07_danca-300x200.jpg 300w, https:\/\/www.santaritadopassaquatro.sp.gov.br\/portal\/wp-content\/uploads\/2019\/07\/Festa_Italiana_foto07_danca-768x512.jpg 768w, https:\/\/www.santaritadopassaquatro.sp.gov.br\/portal\/wp-content\/uploads\/2019\/07\/Festa_Italiana_foto07_danca-1024x683.jpg 1024w\" sizes=\"(max-width: 300px) 100vw, 300px\" \/><figcaption id=\"caption-attachment-1782\" class=\"wp-caption-text\"><span style=\"font-size: 8pt; color: #808080;\"><em><strong>Bel\u00edssimo espet\u00e1culo de dan\u00e7a do Studio Arte &amp; Movimento foi uma das atra\u00e7\u00f5es na segunda noite da festa (AssCom\/Divulga\u00e7\u00e3o)<\/strong><\/em><\/span><\/figcaption><\/figure>\n<p>A Banda Musical Zequinha de Abreu e coral Octavio Bueno de Camargo apresentaram o Hino Nacional Brasileiro, Hino Nacional Italiano e Hino de Santa Rita, al\u00e9m de temas t\u00edpicos da It\u00e1lia, completando a solenidade de abertura do evento.<\/p>\n<figure id=\"attachment_1784\" aria-describedby=\"caption-attachment-1784\" style=\"width: 300px\" class=\"wp-caption alignright\"><img decoding=\"async\" class=\"wp-image-1784 size-medium\" src=\"http:\/\/www.santaritadopassaquatro.sp.gov.br\/portal\/wp-content\/uploads\/2019\/07\/Festa_Italiana_foto09_PM-300x225.jpeg\" alt=\"\" width=\"300\" height=\"225\" srcset=\"https:\/\/www.santaritadopassaquatro.sp.gov.br\/portal\/wp-content\/uploads\/2019\/07\/Festa_Italiana_foto09_PM-300x225.jpeg 300w, https:\/\/www.santaritadopassaquatro.sp.gov.br\/portal\/wp-content\/uploads\/2019\/07\/Festa_Italiana_foto09_PM-768x576.jpeg 768w, https:\/\/www.santaritadopassaquatro.sp.gov.br\/portal\/wp-content\/uploads\/2019\/07\/Festa_Italiana_foto09_PM-1024x768.jpeg 1024w, https:\/\/www.santaritadopassaquatro.sp.gov.br\/portal\/wp-content\/uploads\/2019\/07\/Festa_Italiana_foto09_PM.jpeg 1280w\" sizes=\"(max-width: 300px) 100vw, 300px\" \/><figcaption id=\"caption-attachment-1784\" class=\"wp-caption-text\"><span style=\"font-size: 8pt; color: #808080;\"><strong><em>O prefeito junto aos policiais na base m\u00f3vel da PM montada logo na entrada da Pra\u00e7a (AssCom\/Divulga\u00e7\u00e3o) <\/em><\/strong><\/span><\/figcaption><\/figure>\n<p>As barracas das entidades assistenciais do munic\u00edpio j\u00e1 estava completamente lotadas, quando a banda Via Roma come\u00e7ou seu show, iniciando a programa\u00e7\u00e3o musical, que contou com tr\u00eas bandas t\u00edpicas diferentes. No domingo (7\/7), a atra\u00e7\u00e3o foi o cantor com Ivano Italian\u00edssimo, com uma maravilhosa abertura do Studio Arte &amp; Movimento, em espet\u00e1culo de bal\u00e9. E a festa terminou na segunda-feira (8\/7), com mais um show da banda Viva It\u00e1lia.<\/p>\n<figure id=\"attachment_1785\" aria-describedby=\"caption-attachment-1785\" style=\"width: 300px\" class=\"wp-caption alignleft\"><img decoding=\"async\" class=\"wp-image-1785 size-medium\" src=\"http:\/\/www.santaritadopassaquatro.sp.gov.br\/portal\/wp-content\/uploads\/2019\/07\/Festa_Italiana_foto10_prefeito_banda-300x200.jpg\" alt=\"\" width=\"300\" height=\"200\" srcset=\"https:\/\/www.santaritadopassaquatro.sp.gov.br\/portal\/wp-content\/uploads\/2019\/07\/Festa_Italiana_foto10_prefeito_banda-300x200.jpg 300w, https:\/\/www.santaritadopassaquatro.sp.gov.br\/portal\/wp-content\/uploads\/2019\/07\/Festa_Italiana_foto10_prefeito_banda-768x512.jpg 768w, https:\/\/www.santaritadopassaquatro.sp.gov.br\/portal\/wp-content\/uploads\/2019\/07\/Festa_Italiana_foto10_prefeito_banda-1024x683.jpg 1024w\" sizes=\"(max-width: 300px) 100vw, 300px\" \/><figcaption id=\"caption-attachment-1785\" class=\"wp-caption-text\"><span style=\"font-size: 8pt; color: #808080;\"><em><strong>O prefeito e equipe do Departamento de Turismo com o cantor Ivano Italian\u00edssimo e banda (AssCom\/Divulga\u00e7\u00e3o)<\/strong><\/em><\/span><\/figcaption><\/figure>\n<p>Al\u00e9m das atra\u00e7\u00f5es musicais, a Festa Italiana contou com as entidades assistenciais Lar Dom Luis Carbulotto, Recanto Juvenil Santa Rita, Lar S\u00e3o Vicente de Paula, Par\u00f3quia S\u00e3o Jos\u00e9 Oper\u00e1rio, Projeto Maria, Fundo Social de Solidariedade e Associa\u00e7\u00e3o Jequitib\u00e1 (CAIS-SR), oferecendo uma grande variedade de pratos, entre doces e salgados, al\u00e9m do tradicional vinho, promovendo um verdadeiro festival gastron\u00f4mico t\u00edpico.<\/p>\n<p>O Festival de Tradi\u00e7\u00f5es Italianas \u00e9 uma festa caracter\u00edstica do munic\u00edpio santa-ritense, pois homenageia os imigrantes europeus que aqui chegaram no s\u00e9culo passado e, com seu trabalho, colaboraram com o desenvolvimento e a cultura local.<\/p>\n<p>A pra\u00e7a Poeta Mario Mattoso ganhou uma decora\u00e7\u00e3o especial, com um portal de entrada e recepcionistas do grupo de teatro Quimera, vestidos caracterizados, desejando boas-vindas ao p\u00fablico.<\/p>\n<p>&nbsp;<\/p>\n<p><strong>SEGURAN\u00c7A<\/strong><\/p>\n<figure id=\"attachment_1787\" aria-describedby=\"caption-attachment-1787\" style=\"width: 300px\" class=\"wp-caption alignleft\"><img decoding=\"async\" class=\"wp-image-1787 size-medium\" src=\"http:\/\/www.santaritadopassaquatro.sp.gov.br\/portal\/wp-content\/uploads\/2019\/07\/Festa_Italiana_foto12_monitoramento-300x200.jpg\" alt=\"\" width=\"300\" height=\"200\" srcset=\"https:\/\/www.santaritadopassaquatro.sp.gov.br\/portal\/wp-content\/uploads\/2019\/07\/Festa_Italiana_foto12_monitoramento-300x200.jpg 300w, https:\/\/www.santaritadopassaquatro.sp.gov.br\/portal\/wp-content\/uploads\/2019\/07\/Festa_Italiana_foto12_monitoramento-768x512.jpg 768w, https:\/\/www.santaritadopassaquatro.sp.gov.br\/portal\/wp-content\/uploads\/2019\/07\/Festa_Italiana_foto12_monitoramento-1024x683.jpg 1024w\" sizes=\"(max-width: 300px) 100vw, 300px\" \/><figcaption id=\"caption-attachment-1787\" class=\"wp-caption-text\"><span style=\"font-size: 8pt; color: #808080;\"><em><strong>Monitoramento por c\u00e2meras foi aliada da seguran\u00e7a para garantir a tranquilidade do evento (AssCom\/Divulga\u00e7\u00e3o)<\/strong><\/em><\/span><\/figcaption><\/figure>\n<p>Os tr\u00eas dias evento transcorreram com muita tranquilidade e grande presen\u00e7a de fam\u00edlias, isso gra\u00e7as \u00e0 aparato de seguran\u00e7a montado, que contou inclusive com monitoramento por c\u00e2meras. Al\u00e9m da equipe de seguran\u00e7a, a festa tamb\u00e9m recebeu grande apoio da Pol\u00edcia Militar, que montou uma base m\u00f3vel logo na entrada da pra\u00e7a. N\u00e3o foram registradas ocorr\u00eancia graves durante o evento.<\/p>\n<p>&nbsp;<\/p>\n<figure id=\"attachment_1786\" aria-describedby=\"caption-attachment-1786\" style=\"width: 300px\" class=\"wp-caption alignright\"><img decoding=\"async\" class=\"wp-image-1786 size-medium\" src=\"http:\/\/www.santaritadopassaquatro.sp.gov.br\/portal\/wp-content\/uploads\/2019\/07\/Festa_Italiana_foto11_EPTV-300x200.jpg\" alt=\"\" width=\"300\" height=\"200\" srcset=\"https:\/\/www.santaritadopassaquatro.sp.gov.br\/portal\/wp-content\/uploads\/2019\/07\/Festa_Italiana_foto11_EPTV-300x200.jpg 300w, https:\/\/www.santaritadopassaquatro.sp.gov.br\/portal\/wp-content\/uploads\/2019\/07\/Festa_Italiana_foto11_EPTV-768x512.jpg 768w, https:\/\/www.santaritadopassaquatro.sp.gov.br\/portal\/wp-content\/uploads\/2019\/07\/Festa_Italiana_foto11_EPTV-1024x683.jpg 1024w\" sizes=\"(max-width: 300px) 100vw, 300px\" \/><figcaption id=\"caption-attachment-1786\" class=\"wp-caption-text\"><span style=\"color: #808080;\"><em><strong>Reportagem da ETPV com a equipe do turismo durante a reportagem ao vivo exibida pela afiliada da Rede Globo (AssCom\/Divulga\u00e7\u00e3o)<\/strong><\/em><\/span><\/figcaption><\/figure>\n<p><strong>M\u00cdDIA<\/strong><\/p>\n<p>Muito aguardada pelo p\u00fablico de toda regi\u00e3o, o evento tamb\u00e9m atrai a m\u00eddia, sendo tema de duas reportagens \u2013 uma delas ao vivo \u2013 na ETPV Central, afiliada da Rede Globo na regi\u00e3o. Na internet, especialmente nas redes Sociais, a festa aprece em grande quantidade de postagens no Facebook e Instagram, colocando Santa Rita em destaque durante os dias de sua realiza\u00e7\u00e3o.<\/p>\n<p>&nbsp;<\/p>\n<p>&nbsp;<\/p>\n<p>&nbsp;<\/p>\n<p><strong>\u00a0<\/strong><\/p>\n","protected":false},"excerpt":{"rendered":"<p>Evento mais uma vez supera expectativas com grande p\u00fablico, incluindo muitos turistas, lotando mais uma vez a Pra\u00e7a Poeta M\u00e1rio<\/p>\n","protected":false},"author":1,"featured_media":1776,"comment_status":"closed","ping_status":"open","sticky":false,"template":"","format":"standard","meta":{"footnotes":""},"categories":[52,60],"tags":[],"class_list":["post-1775","post","type-post","status-publish","format-standard","has-post-thumbnail","hentry","category-latest","category-turismo"],"_links":{"self":[{"href":"https:\/\/www.santaritadopassaquatro.sp.gov.br\/portal\/wp-json\/wp\/v2\/posts\/1775","targetHints":{"allow":["GET"]}}],"collection":[{"href":"https:\/\/www.santaritadopassaquatro.sp.gov.br\/portal\/wp-json\/wp\/v2\/posts"}],"about":[{"href":"https:\/\/www.santaritadopassaquatro.sp.gov.br\/portal\/wp-json\/wp\/v2\/types\/post"}],"author":[{"embeddable":true,"href":"https:\/\/www.santaritadopassaquatro.sp.gov.br\/portal\/wp-json\/wp\/v2\/users\/1"}],"replies":[{"embeddable":true,"href":"https:\/\/www.santaritadopassaquatro.sp.gov.br\/portal\/wp-json\/wp\/v2\/comments?post=1775"}],"version-history":[{"count":0,"href":"https:\/\/www.santaritadopassaquatro.sp.gov.br\/portal\/wp-json\/wp\/v2\/posts\/1775\/revisions"}],"wp:featuredmedia":[{"embeddable":true,"href":"https:\/\/www.santaritadopassaquatro.sp.gov.br\/portal\/wp-json\/wp\/v2\/media\/1776"}],"wp:attachment":[{"href":"https:\/\/www.santaritadopassaquatro.sp.gov.br\/portal\/wp-json\/wp\/v2\/media?parent=1775"}],"wp:term":[{"taxonomy":"category","embeddable":true,"href":"https:\/\/www.santaritadopassaquatro.sp.gov.br\/portal\/wp-json\/wp\/v2\/categories?post=1775"},{"taxonomy":"post_tag","embeddable":true,"href":"https:\/\/www.santaritadopassaquatro.sp.gov.br\/portal\/wp-json\/wp\/v2\/tags?post=1775"}],"curies":[{"name":"wp","href":"https:\/\/api.w.org\/{rel}","templated":true}]}}