{"id":1789,"date":"2019-07-12T16:23:42","date_gmt":"2019-07-12T19:23:42","guid":{"rendered":"http:\/\/www.santaritadopassaquatro.sp.gov.br\/portal\/?p=1789"},"modified":"2019-07-12T16:23:42","modified_gmt":"2019-07-12T19:23:42","slug":"auxilio-ao-desempregado-programa-da-prefeitura-de-santa-rita-inspira-cidade-da-regiao","status":"publish","type":"post","link":"https:\/\/www.santaritadopassaquatro.sp.gov.br\/portal\/auxilio-ao-desempregado-programa-da-prefeitura-de-santa-rita-inspira-cidade-da-regiao\/","title":{"rendered":"AUXILIO AO DESEMPREGADO:\u00a0Programa da Prefeitura de Santa Rita inspira cidade da regi\u00e3o  \u00a0"},"content":{"rendered":"<p>&nbsp;<\/p>\n<p><strong><em>Em reportagem \u00e0 emissora de TV, prefeito de Santa Cruz das Palmeiras afirma que criou projeto nos mesmos moldes que o santa-ritense<\/em><\/strong><\/p>\n<p><strong><em>\u00a0<\/em><\/strong><\/p>\n<figure id=\"attachment_1790\" aria-describedby=\"caption-attachment-1790\" style=\"width: 300px\" class=\"wp-caption alignleft\"><img decoding=\"async\" class=\"wp-image-1790 size-medium\" src=\"http:\/\/www.santaritadopassaquatro.sp.gov.br\/portal\/wp-content\/uploads\/2019\/07\/IMG_7050-300x200.jpg\" alt=\"\" width=\"300\" height=\"200\" srcset=\"https:\/\/www.santaritadopassaquatro.sp.gov.br\/portal\/wp-content\/uploads\/2019\/07\/IMG_7050-300x200.jpg 300w, https:\/\/www.santaritadopassaquatro.sp.gov.br\/portal\/wp-content\/uploads\/2019\/07\/IMG_7050-768x512.jpg 768w, https:\/\/www.santaritadopassaquatro.sp.gov.br\/portal\/wp-content\/uploads\/2019\/07\/IMG_7050-1024x683.jpg 1024w\" sizes=\"(max-width: 300px) 100vw, 300px\" \/><figcaption id=\"caption-attachment-1790\" class=\"wp-caption-text\"><span style=\"color: #999999; font-size: 8pt;\"><em><strong>O prefeito com o grupo atual do Programa Auxilio o Desempregado em Santa Rita (AssCom\/Divulga\u00e7\u00e3o)<\/strong><\/em><\/span><\/figcaption><\/figure>\n<p>Criado pela Prefeitura Municipal de Santa Rita do Passa Quatro, em 2017, para enfrentar a crise de arrecada\u00e7\u00e3o nos munic\u00edpios brasileiros, o programa Aux\u00edlio ao Desempregado, al\u00e9m de trazer benef\u00edcios para a cidade, serve inspira\u00e7\u00e3o para outros munic\u00edpios. Exemplo disso foi a declara\u00e7\u00e3o do prefeito de Santa Cruz das Palmeiras, Jos\u00e9 Crecentino Bussaglia, o Z\u00e9 da Farm\u00e1cia, em uma reportagem para o SBT, de que criou o Proad (Programa de Aux\u00edlio ao Desempregado), em seu munic\u00edpio, nos moldes do projeto criado em Santa Rita.<\/p>\n<p>\u201cO Proad visa auxiliar o pessoal que n\u00e3o tem emprego surgiu porque tem uma cidade vizinha, que chama Santa Rita do Passa Quatro, que j\u00e1 tem o programa e deu um resultado muito bom\u201d, declarou o prefeito palmeirense \u00e0 reportagem. \u201cO Proad hoje \u00e9 um sucesso na cidade\u201d, concluiu.<\/p>\n<figure id=\"attachment_1791\" aria-describedby=\"caption-attachment-1791\" style=\"width: 300px\" class=\"wp-caption alignright\"><img decoding=\"async\" class=\"wp-image-1791 size-medium\" src=\"http:\/\/www.santaritadopassaquatro.sp.gov.br\/portal\/wp-content\/uploads\/2019\/07\/prefeito_palmeiras-300x190.jpg\" alt=\"\" width=\"300\" height=\"190\" srcset=\"https:\/\/www.santaritadopassaquatro.sp.gov.br\/portal\/wp-content\/uploads\/2019\/07\/prefeito_palmeiras-300x190.jpg 300w, https:\/\/www.santaritadopassaquatro.sp.gov.br\/portal\/wp-content\/uploads\/2019\/07\/prefeito_palmeiras-768x486.jpg 768w, https:\/\/www.santaritadopassaquatro.sp.gov.br\/portal\/wp-content\/uploads\/2019\/07\/prefeito_palmeiras-1024x648.jpg 1024w, https:\/\/www.santaritadopassaquatro.sp.gov.br\/portal\/wp-content\/uploads\/2019\/07\/prefeito_palmeiras.jpg 1072w\" sizes=\"(max-width: 300px) 100vw, 300px\" \/><figcaption id=\"caption-attachment-1791\" class=\"wp-caption-text\"><span style=\"font-size: 8pt; color: #999999;\"><em><strong>O prefeito de Santa Cruz das Palmeiras em reportagem sobre o Proad, inspirado no programa santa-ritense (AssCom\/Divulga\u00e7\u00e3o)<\/strong><\/em><\/span><\/figcaption><\/figure>\n<p>Em Santa Rita, o Programa Aux\u00edlio ao Desempregado foi criado pela Lei N\u00ba 3.351, de 18 de abril de 2017, com objetivo de oferecer oportunidades \u00e0 popula\u00e7\u00e3o mais carente, para enfrentar a crise financeira e ao desemprego. A implanta\u00e7\u00e3o \u00e9 conjunta entre os Departamento de Servi\u00e7os Municipais e o Departamento de Assist\u00eancia e Desenvolvimento Social.<\/p>\n<p>O programa seleciona pessoas desempregadas a fim de proporcionar-lhes ocupa\u00e7\u00e3o, qualifica\u00e7\u00e3o profissional e renda, junto ao Departamento de Assist\u00eancia Social, mediante a concess\u00e3o de bolsa-aux\u00edlio no valor de um sal\u00e1rio m\u00ednimo, cesta b\u00e1sica, seguro de vida e de acidentes pessoais e cursos e treinamentos de capacita\u00e7\u00e3o profissional, pelo prazo de 12 meses, prorrog\u00e1vel por igual per\u00edodo.<\/p>\n<p>Criado originalmente com 20 vagas, o programa ampliou para 25 em 2019, quando cerca de 130 candidatos fizeram inscri\u00e7\u00f5es para as provas seletivas. Para participar, todos tiveram que o obedecer a crit\u00e9rios como residir no munic\u00edpio no m\u00ednimo por tr\u00eas anos, n\u00e3o ter outra fonte de renda e ter condi\u00e7\u00f5es para a execu\u00e7\u00e3o das tarefas propostas pelo programa. Os selecionados atuam na limpeza de vias p\u00fablicas, com varri\u00e7\u00e3o de ruas, entre outros.<\/p>\n<p>Al\u00e9m proporcionar manuten\u00e7\u00e3o da cidade, o Aux\u00edlio o Desempregado tamb\u00e9m gera uma economia para o munic\u00edpio. Quando terceirizado, o trabalho de varri\u00e7\u00e3o de ruas custava aos cofres p\u00fablicos cerce de R$ 1,2 milh\u00e3o por ano. Com o programa, hoje s\u00e3o empregados cerca de R$ 250 mil anuais.<\/p>\n<p>\u201cEstamos mantendo a cidade limpa, com grande economia aos cofres p\u00fablicos e ainda proporcionando oportunidade a quem precisa\u201d, disse o prefeito Leandro Luciano dos Santos. \u201cIsso \u00e9 gest\u00e3o, \u00e9 responsabilidade com o dinheiro p\u00fablico, al\u00e9m de um bel\u00edssimo trabalho social\u201d, concluiu.<\/p>\n<p>&nbsp;<\/p>\n<p>&nbsp;<\/p>\n<p><strong>\u00a0<\/strong><\/p>\n","protected":false},"excerpt":{"rendered":"<p>&nbsp; Em reportagem \u00e0 emissora de TV, prefeito de Santa Cruz das Palmeiras afirma que criou projeto nos mesmos moldes<\/p>\n","protected":false},"author":1,"featured_media":1790,"comment_status":"closed","ping_status":"open","sticky":false,"template":"","format":"standard","meta":{"footnotes":""},"categories":[44,52,57],"tags":[],"class_list":["post-1789","post","type-post","status-publish","format-standard","has-post-thumbnail","hentry","category-cidades","category-latest","category-politics"],"_links":{"self":[{"href":"https:\/\/www.santaritadopassaquatro.sp.gov.br\/portal\/wp-json\/wp\/v2\/posts\/1789","targetHints":{"allow":["GET"]}}],"collection":[{"href":"https:\/\/www.santaritadopassaquatro.sp.gov.br\/portal\/wp-json\/wp\/v2\/posts"}],"about":[{"href":"https:\/\/www.santaritadopassaquatro.sp.gov.br\/portal\/wp-json\/wp\/v2\/types\/post"}],"author":[{"embeddable":true,"href":"https:\/\/www.santaritadopassaquatro.sp.gov.br\/portal\/wp-json\/wp\/v2\/users\/1"}],"replies":[{"embeddable":true,"href":"https:\/\/www.santaritadopassaquatro.sp.gov.br\/portal\/wp-json\/wp\/v2\/comments?post=1789"}],"version-history":[{"count":0,"href":"https:\/\/www.santaritadopassaquatro.sp.gov.br\/portal\/wp-json\/wp\/v2\/posts\/1789\/revisions"}],"wp:featuredmedia":[{"embeddable":true,"href":"https:\/\/www.santaritadopassaquatro.sp.gov.br\/portal\/wp-json\/wp\/v2\/media\/1790"}],"wp:attachment":[{"href":"https:\/\/www.santaritadopassaquatro.sp.gov.br\/portal\/wp-json\/wp\/v2\/media?parent=1789"}],"wp:term":[{"taxonomy":"category","embeddable":true,"href":"https:\/\/www.santaritadopassaquatro.sp.gov.br\/portal\/wp-json\/wp\/v2\/categories?post=1789"},{"taxonomy":"post_tag","embeddable":true,"href":"https:\/\/www.santaritadopassaquatro.sp.gov.br\/portal\/wp-json\/wp\/v2\/tags?post=1789"}],"curies":[{"name":"wp","href":"https:\/\/api.w.org\/{rel}","templated":true}]}}