{"id":1810,"date":"2019-07-19T16:41:09","date_gmt":"2019-07-19T19:41:09","guid":{"rendered":"http:\/\/www.santaritadopassaquatro.sp.gov.br\/portal\/?p=1810"},"modified":"2019-07-19T16:41:09","modified_gmt":"2019-07-19T19:41:09","slug":"ferias-em-movimento-movimentou-a-semana-no-pequeno-principe","status":"publish","type":"post","link":"https:\/\/www.santaritadopassaquatro.sp.gov.br\/portal\/ferias-em-movimento-movimentou-a-semana-no-pequeno-principe\/","title":{"rendered":"F\u00e9rias em Movimento movimentou a semana no Pequeno Pr\u00edncipe"},"content":{"rendered":"<p><strong><em>Com atividades esportivas, l\u00fadicas, passeios e palestras, a\u00e7\u00e3o \u00e9 destinada a crian\u00e7as e adolescentes residentes nos bairros de abrang\u00eancia do CRAS<\/em><\/strong><\/p>\n<p><strong><em>\u00a0<\/em><\/strong><\/p>\n<figure id=\"attachment_1811\" aria-describedby=\"caption-attachment-1811\" style=\"width: 300px\" class=\"wp-caption alignleft\"><img decoding=\"async\" class=\"wp-image-1811 size-medium\" src=\"http:\/\/www.santaritadopassaquatro.sp.gov.br\/portal\/wp-content\/uploads\/2019\/07\/ferias_mov03-300x200.jpg\" alt=\"\" width=\"300\" height=\"200\" srcset=\"https:\/\/www.santaritadopassaquatro.sp.gov.br\/portal\/wp-content\/uploads\/2019\/07\/ferias_mov03-300x200.jpg 300w, https:\/\/www.santaritadopassaquatro.sp.gov.br\/portal\/wp-content\/uploads\/2019\/07\/ferias_mov03-768x512.jpg 768w, https:\/\/www.santaritadopassaquatro.sp.gov.br\/portal\/wp-content\/uploads\/2019\/07\/ferias_mov03-1024x682.jpg 1024w, https:\/\/www.santaritadopassaquatro.sp.gov.br\/portal\/wp-content\/uploads\/2019\/07\/ferias_mov03.jpg 1976w\" sizes=\"(max-width: 300px) 100vw, 300px\" \/><figcaption id=\"caption-attachment-1811\" class=\"wp-caption-text\"><span style=\"font-size: 8pt; color: #999999;\"><em><strong>Prefeito e\u00a0\u00a0vice-prefeita com as crian\u00e7as e monitores do F\u00e9rias em Movimento (AssCom\/Divulga\u00e7\u00e3o)<\/strong><\/em><\/span><\/figcaption><\/figure>\n<p>Promover a conviv\u00eancia, forma\u00e7\u00e3o para a participa\u00e7\u00e3o e cidadania, visando sempre o desenvolvimento de crian\u00e7as e adolescentes, preenchendo o tempo livre das f\u00e9rias, com atividades de intera\u00e7\u00e3o, aprendizagem, sociabilidade e prote\u00e7\u00e3o social. Este \u00e9 o principal objetivo do programa F\u00e9rias em Movimento, que movimentou esta semana em Santa Rita do Passa Quatro.<\/p>\n<p>Promovido pela Prefeitura Municipal, atrav\u00e9s do Departamento de Desenvolvimento e Assist\u00eancia Social, CRAS (Centro de Refer\u00eancia da Assist\u00eancia Social) e Departamento Municipal de Esportes, em parceria com o Projeto Pequeno Pr\u00edncipe, da par\u00f3quia S\u00e3o Jos\u00e9 Oper\u00e1rio, o programa \u00e9 destinado a crian\u00e7as e adolescentes, com idades de 5 a 14 anos, residentes nos bairros de abrang\u00eancia do CRAS: Jardim Boa Vista I, II e III, Jardim S\u00e3o Luiz, Jardim Santa Maria, Jardim Flamboyant e Jardim Alvorada.<\/p>\n<p>O Programa F\u00e9rias em Movimento come\u00e7ou na \u00faltima segunda-feira (15\/7) foi at\u00e9 esta sexta-feira (19\/7), no per\u00edodo da tarde, oferecendo atividades de lazer, esportivas, l\u00fadicas, al\u00e9m de passeios e palestras. A vice-prefeita Maria Rita Mondim de Oliveira participou da abertura da atividades.<\/p>\n<p>&nbsp;<\/p>\n<p>&nbsp;<\/p>\n<p>&nbsp;<\/p>\n<p>&nbsp;<\/p>\n<p>&nbsp;<\/p>\n","protected":false},"excerpt":{"rendered":"<p>Com atividades esportivas, l\u00fadicas, passeios e palestras, a\u00e7\u00e3o \u00e9 destinada a crian\u00e7as e adolescentes residentes nos bairros de abrang\u00eancia do<\/p>\n","protected":false},"author":1,"featured_media":1812,"comment_status":"closed","ping_status":"open","sticky":false,"template":"","format":"standard","meta":{"footnotes":""},"categories":[43,48,52],"tags":[],"class_list":["post-1810","post","type-post","status-publish","format-standard","has-post-thumbnail","hentry","category-assistenciasocial","category-featured","category-latest"],"_links":{"self":[{"href":"https:\/\/www.santaritadopassaquatro.sp.gov.br\/portal\/wp-json\/wp\/v2\/posts\/1810","targetHints":{"allow":["GET"]}}],"collection":[{"href":"https:\/\/www.santaritadopassaquatro.sp.gov.br\/portal\/wp-json\/wp\/v2\/posts"}],"about":[{"href":"https:\/\/www.santaritadopassaquatro.sp.gov.br\/portal\/wp-json\/wp\/v2\/types\/post"}],"author":[{"embeddable":true,"href":"https:\/\/www.santaritadopassaquatro.sp.gov.br\/portal\/wp-json\/wp\/v2\/users\/1"}],"replies":[{"embeddable":true,"href":"https:\/\/www.santaritadopassaquatro.sp.gov.br\/portal\/wp-json\/wp\/v2\/comments?post=1810"}],"version-history":[{"count":0,"href":"https:\/\/www.santaritadopassaquatro.sp.gov.br\/portal\/wp-json\/wp\/v2\/posts\/1810\/revisions"}],"wp:featuredmedia":[{"embeddable":true,"href":"https:\/\/www.santaritadopassaquatro.sp.gov.br\/portal\/wp-json\/wp\/v2\/media\/1812"}],"wp:attachment":[{"href":"https:\/\/www.santaritadopassaquatro.sp.gov.br\/portal\/wp-json\/wp\/v2\/media?parent=1810"}],"wp:term":[{"taxonomy":"category","embeddable":true,"href":"https:\/\/www.santaritadopassaquatro.sp.gov.br\/portal\/wp-json\/wp\/v2\/categories?post=1810"},{"taxonomy":"post_tag","embeddable":true,"href":"https:\/\/www.santaritadopassaquatro.sp.gov.br\/portal\/wp-json\/wp\/v2\/tags?post=1810"}],"curies":[{"name":"wp","href":"https:\/\/api.w.org\/{rel}","templated":true}]}}