{"id":1818,"date":"2019-07-19T16:50:06","date_gmt":"2019-07-19T19:50:06","guid":{"rendered":"http:\/\/www.santaritadopassaquatro.sp.gov.br\/portal\/?p=1818"},"modified":"2019-07-19T16:50:06","modified_gmt":"2019-07-19T19:50:06","slug":"fundo-social-oferece-curso-gratuito-de-auxiliar-administrativo-e-logistica","status":"publish","type":"post","link":"https:\/\/www.santaritadopassaquatro.sp.gov.br\/portal\/fundo-social-oferece-curso-gratuito-de-auxiliar-administrativo-e-logistica\/","title":{"rendered":"Fundo Social oferece curso gratuito de auxiliar administrativo e log\u00edstica"},"content":{"rendered":"<p><strong><em>Promovida em parceria como Senai-SP; atividade tem inscri\u00e7\u00f5es abertas at\u00e9 o pr\u00f3ximo dia 31 de julho<\/em><\/strong><\/p>\n<p><strong><em>\u00a0<\/em><\/strong><\/p>\n<figure id=\"attachment_1819\" aria-describedby=\"caption-attachment-1819\" style=\"width: 300px\" class=\"wp-caption alignleft\"><img decoding=\"async\" class=\"wp-image-1819 size-medium\" src=\"http:\/\/www.santaritadopassaquatro.sp.gov.br\/portal\/wp-content\/uploads\/2019\/07\/curso_fundo_social_senai-300x225.jpeg\" alt=\"\" width=\"300\" height=\"225\" srcset=\"https:\/\/www.santaritadopassaquatro.sp.gov.br\/portal\/wp-content\/uploads\/2019\/07\/curso_fundo_social_senai-300x225.jpeg 300w, https:\/\/www.santaritadopassaquatro.sp.gov.br\/portal\/wp-content\/uploads\/2019\/07\/curso_fundo_social_senai-768x576.jpeg 768w, https:\/\/www.santaritadopassaquatro.sp.gov.br\/portal\/wp-content\/uploads\/2019\/07\/curso_fundo_social_senai-1024x768.jpeg 1024w, https:\/\/www.santaritadopassaquatro.sp.gov.br\/portal\/wp-content\/uploads\/2019\/07\/curso_fundo_social_senai.jpeg 1032w\" sizes=\"(max-width: 300px) 100vw, 300px\" \/><figcaption id=\"caption-attachment-1819\" class=\"wp-caption-text\"><span style=\"color: #999999; font-size: 8pt;\"><em><strong>Alunos de curso promovido no Centro Profissionalizante em parceria entre Fundo Social e Senai (Arquivo\/AssCom\/Divulga\u00e7\u00e3o)<\/strong><\/em><\/span><\/figcaption><\/figure>\n<p>A Prefeitura de Santa Rita do Passa Quatro, atrav\u00e9s do Fundo Social de Solidariedade, em parceria com o Senai-SP, est\u00e1 oferecendo gratuitamente os cursos de Auxiliar Administrativo e Fundamentos da Log\u00edstica. Os dois cursos juntos t\u00eam carga hor\u00e1ria de 64 horas e as aulas ser\u00e3o de segundas e quartas-feiras, das 19h \u00e0s 22 horas, no Centro Profissionalizante Professora Marcia de Souza Menegassi.<\/p>\n<p>As inscri\u00e7\u00f5es j\u00e1 est\u00e3o abertas e o prazo segue at\u00e9 o dia 31 de julho, quarta-feira, na sede do Fundo Social (antigo Sesi), na Rua Visconde do Rio Branco, 1135, Jd. 22 de Maio. Para se inscrever, os interessados dever\u00e3o ter no m\u00ednimo 18 anos, conclu\u00eddo o ensino fundamental e apresentar os documentos CPF, RG, comprovante de resid\u00eancia e hist\u00f3rico escolar. As vagas s\u00e3o limitadas.<\/p>\n<p>Com objetivo de gerar oportunidade de emprego e renda atrav\u00e9s da qualifica\u00e7\u00e3o profissional, a parceria entre Senai e Fundo Social j\u00e1 ofereceu \u00e0 popula\u00e7\u00e3o cursos de eletricista instalador, pedreiro assentador, assistente administrativo e costureira.<\/p>\n<p><strong>\u00a0<\/strong><\/p>\n<p>&nbsp;<\/p>\n<p><strong>\u00a0<\/strong><\/p>\n<p><strong>\u00a0<\/strong><\/p>\n<p>&nbsp;<\/p>\n<p>&nbsp;<\/p>\n<p>&nbsp;<\/p>\n","protected":false},"excerpt":{"rendered":"<p>Promovida em parceria como Senai-SP; atividade tem inscri\u00e7\u00f5es abertas at\u00e9 o pr\u00f3ximo dia 31 de julho \u00a0 A Prefeitura de<\/p>\n","protected":false},"author":1,"featured_media":1819,"comment_status":"closed","ping_status":"open","sticky":false,"template":"","format":"standard","meta":{"footnotes":""},"categories":[43,56],"tags":[],"class_list":["post-1818","post","type-post","status-publish","format-standard","has-post-thumbnail","hentry","category-assistenciasocial","category-oportunidade"],"_links":{"self":[{"href":"https:\/\/www.santaritadopassaquatro.sp.gov.br\/portal\/wp-json\/wp\/v2\/posts\/1818","targetHints":{"allow":["GET"]}}],"collection":[{"href":"https:\/\/www.santaritadopassaquatro.sp.gov.br\/portal\/wp-json\/wp\/v2\/posts"}],"about":[{"href":"https:\/\/www.santaritadopassaquatro.sp.gov.br\/portal\/wp-json\/wp\/v2\/types\/post"}],"author":[{"embeddable":true,"href":"https:\/\/www.santaritadopassaquatro.sp.gov.br\/portal\/wp-json\/wp\/v2\/users\/1"}],"replies":[{"embeddable":true,"href":"https:\/\/www.santaritadopassaquatro.sp.gov.br\/portal\/wp-json\/wp\/v2\/comments?post=1818"}],"version-history":[{"count":0,"href":"https:\/\/www.santaritadopassaquatro.sp.gov.br\/portal\/wp-json\/wp\/v2\/posts\/1818\/revisions"}],"wp:featuredmedia":[{"embeddable":true,"href":"https:\/\/www.santaritadopassaquatro.sp.gov.br\/portal\/wp-json\/wp\/v2\/media\/1819"}],"wp:attachment":[{"href":"https:\/\/www.santaritadopassaquatro.sp.gov.br\/portal\/wp-json\/wp\/v2\/media?parent=1818"}],"wp:term":[{"taxonomy":"category","embeddable":true,"href":"https:\/\/www.santaritadopassaquatro.sp.gov.br\/portal\/wp-json\/wp\/v2\/categories?post=1818"},{"taxonomy":"post_tag","embeddable":true,"href":"https:\/\/www.santaritadopassaquatro.sp.gov.br\/portal\/wp-json\/wp\/v2\/tags?post=1818"}],"curies":[{"name":"wp","href":"https:\/\/api.w.org\/{rel}","templated":true}]}}