{"id":1824,"date":"2019-07-19T16:58:24","date_gmt":"2019-07-19T19:58:24","guid":{"rendered":"http:\/\/www.santaritadopassaquatro.sp.gov.br\/portal\/?p=1824"},"modified":"2019-07-19T16:58:24","modified_gmt":"2019-07-19T19:58:24","slug":"neste-sabado-tem-o-4o-estacao-rock-na-praca-poeta-mario-mattoso","status":"publish","type":"post","link":"https:\/\/www.santaritadopassaquatro.sp.gov.br\/portal\/neste-sabado-tem-o-4o-estacao-rock-na-praca-poeta-mario-mattoso\/","title":{"rendered":"Neste s\u00e1bado tem o 4\u00ba Esta\u00e7\u00e3o Rock na pra\u00e7a Poeta M\u00e1rio Mattoso"},"content":{"rendered":"<p><strong><em>Evento ir\u00e1 reunir cinco bandas locais \u00e0 partir das 18 horas no p\u00e1tio do Museu Zequinha de Abreu <\/em><\/strong><\/p>\n<p>&nbsp;<\/p>\n<figure id=\"attachment_1825\" aria-describedby=\"caption-attachment-1825\" style=\"width: 422px\" class=\"wp-caption alignleft\"><img decoding=\"async\" class=\"wp-image-1825 \" src=\"http:\/\/www.santaritadopassaquatro.sp.gov.br\/portal\/wp-content\/uploads\/2019\/07\/4o_estacao_rock_covil-300x200.jpg\" alt=\"\" width=\"422\" height=\"282\" srcset=\"https:\/\/www.santaritadopassaquatro.sp.gov.br\/portal\/wp-content\/uploads\/2019\/07\/4o_estacao_rock_covil-300x200.jpg 300w, https:\/\/www.santaritadopassaquatro.sp.gov.br\/portal\/wp-content\/uploads\/2019\/07\/4o_estacao_rock_covil-768x512.jpg 768w, https:\/\/www.santaritadopassaquatro.sp.gov.br\/portal\/wp-content\/uploads\/2019\/07\/4o_estacao_rock_covil-1024x683.jpg 1024w\" sizes=\"(max-width: 422px) 100vw, 422px\" \/><figcaption id=\"caption-attachment-1825\" class=\"wp-caption-text\"><span style=\"font-size: 8pt; color: #999999;\"><em><strong>Banda Covil de Aluguel que participou da primeiras edi\u00e7\u00e3o do Esta\u00e7\u00e3o Rock, em 2016, est\u00e1 de volta ao evento este ano (Arquivo\/AssCom\/Divulga\u00e7\u00e3o)<\/strong><\/em><\/span><\/figcaption><\/figure>\n<p>Chegou o dia! O rock vai rolar neste s\u00e1bado (20\/7) na Pra\u00e7a Poeta M\u00e1rio Mattoso (Esta\u00e7\u00e3o), em Santa Rita do Passa Quatro. \u00c0 partir das 18 horas, cinco bandas da cidade ir\u00e3o se apresentar no 4\u00ba Esta\u00e7\u00e3o Rock. LPJ, Os Coveros, Pior Seria Se Pior Fosse, Covil de Aluguel e Novo Mundo ir\u00e3o mesclar v\u00e1rios estilos do g\u00eanero musical mais popular do mundo, com repert\u00f3rios variados que v\u00e3o do cl\u00e1ssico ao alternativo, mesclando sucesso e \u201clados B\u201d, entre o rock nacional e internacional.<\/p>\n<p>Promovido pelo Departamento Municipal de Turismo e Cultura, o Esta\u00e7\u00e3o Rock come\u00e7ou em 2016 por iniciativa das pr\u00f3prias bandas da cidade que buscam espa\u00e7o para poderem se apresentar. O objetivo do evento \u00e9 aproveitar o per\u00edodo de f\u00e9rias escolares para reunir as bandas e os f\u00e3s do g\u00eanero em uma esp\u00e9cie de festival independente.<\/p>\n<p>&nbsp;<\/p>\n<p><strong>HIST\u00d3RIA<\/strong><\/p>\n<p>A ideia surgiu em uma reuni\u00e3o da Regi\u00e3o Tur\u00edstica Hist\u00f3rias e Vales, no Museu Ferrovi\u00e1rio da Cidade de S\u00e3o Carlos, em 2015, quando estava sendo montado um palco para o Esta\u00e7\u00e3o Rock s\u00e3o-carlense, que acontece na cidade h\u00e1 v\u00e1rios anos. Como a maioria dos munic\u00edpios da regi\u00e3o tem uma Esta\u00e7\u00e3o Ferrovi\u00e1ria desativada, v\u00e1rios decidiram tamb\u00e9m realizar o evento. Santa Rita e Descalvado mantiveram o nome Esta\u00e7\u00e3o Rock. Entretanto, Porto Ferreira mudou o nome para Rock na Esta\u00e7\u00e3o e realiza o evento mensalmente.<\/p>\n<p>A primeira edi\u00e7\u00e3o, em 2016, contou com as bandas LPJ, Padr\u00e3o Alternativo, Novo Mundo, Zatana e Covil de Aluguel. No ano seguinte, os shows foram com Novo Mundo, Padr\u00e3o Alternativo, Zatana e LPJ. As atra\u00e7\u00f5es de 2018 foram Lucas Neves e Pior Seria Se Pior Fosse, Padr\u00e3o Alternativo, LPJ e Nativus.<\/p>\n<p>&nbsp;<\/p>\n<p>&nbsp;<\/p>\n","protected":false},"excerpt":{"rendered":"<p>Evento ir\u00e1 reunir cinco bandas locais \u00e0 partir das 18 horas no p\u00e1tio do Museu Zequinha de Abreu &nbsp; Chegou<\/p>\n","protected":false},"author":1,"featured_media":1825,"comment_status":"closed","ping_status":"open","sticky":false,"template":"","format":"standard","meta":{"footnotes":""},"categories":[46,52,60],"tags":[],"class_list":["post-1824","post","type-post","status-publish","format-standard","has-post-thumbnail","hentry","category-cultura","category-latest","category-turismo"],"_links":{"self":[{"href":"https:\/\/www.santaritadopassaquatro.sp.gov.br\/portal\/wp-json\/wp\/v2\/posts\/1824","targetHints":{"allow":["GET"]}}],"collection":[{"href":"https:\/\/www.santaritadopassaquatro.sp.gov.br\/portal\/wp-json\/wp\/v2\/posts"}],"about":[{"href":"https:\/\/www.santaritadopassaquatro.sp.gov.br\/portal\/wp-json\/wp\/v2\/types\/post"}],"author":[{"embeddable":true,"href":"https:\/\/www.santaritadopassaquatro.sp.gov.br\/portal\/wp-json\/wp\/v2\/users\/1"}],"replies":[{"embeddable":true,"href":"https:\/\/www.santaritadopassaquatro.sp.gov.br\/portal\/wp-json\/wp\/v2\/comments?post=1824"}],"version-history":[{"count":0,"href":"https:\/\/www.santaritadopassaquatro.sp.gov.br\/portal\/wp-json\/wp\/v2\/posts\/1824\/revisions"}],"wp:featuredmedia":[{"embeddable":true,"href":"https:\/\/www.santaritadopassaquatro.sp.gov.br\/portal\/wp-json\/wp\/v2\/media\/1825"}],"wp:attachment":[{"href":"https:\/\/www.santaritadopassaquatro.sp.gov.br\/portal\/wp-json\/wp\/v2\/media?parent=1824"}],"wp:term":[{"taxonomy":"category","embeddable":true,"href":"https:\/\/www.santaritadopassaquatro.sp.gov.br\/portal\/wp-json\/wp\/v2\/categories?post=1824"},{"taxonomy":"post_tag","embeddable":true,"href":"https:\/\/www.santaritadopassaquatro.sp.gov.br\/portal\/wp-json\/wp\/v2\/tags?post=1824"}],"curies":[{"name":"wp","href":"https:\/\/api.w.org\/{rel}","templated":true}]}}