{"id":1829,"date":"2019-07-19T17:02:06","date_gmt":"2019-07-19T20:02:06","guid":{"rendered":"http:\/\/www.santaritadopassaquatro.sp.gov.br\/portal\/?p=1829"},"modified":"2019-07-19T17:02:06","modified_gmt":"2019-07-19T20:02:06","slug":"trechos-de-ruas-terao-mudanca-em-mao-de-direcao-a-partir-desta-segunda-feira","status":"publish","type":"post","link":"https:\/\/www.santaritadopassaquatro.sp.gov.br\/portal\/trechos-de-ruas-terao-mudanca-em-mao-de-direcao-a-partir-desta-segunda-feira\/","title":{"rendered":"Trechos de ruas ter\u00e3o mudan\u00e7a em m\u00e3o de dire\u00e7\u00e3o a partir desta segunda-feira"},"content":{"rendered":"<p><strong><em>Acesso Rua Dalva e parte da Rua Eduardo Padovani, no entorno da EMEI Galdina Lima Segatto, ter\u00e3o sentido invertido<\/em><\/strong><\/p>\n<p>&nbsp;<\/p>\n<figure id=\"attachment_1770\" aria-describedby=\"caption-attachment-1770\" style=\"width: 300px\" class=\"wp-caption alignleft\"><img decoding=\"async\" class=\"wp-image-1770 size-medium\" src=\"http:\/\/www.santaritadopassaquatro.sp.gov.br\/portal\/wp-content\/uploads\/2019\/07\/Mudanca_mao_direcao-300x200.jpg\" alt=\"\" width=\"300\" height=\"200\" srcset=\"https:\/\/www.santaritadopassaquatro.sp.gov.br\/portal\/wp-content\/uploads\/2019\/07\/Mudanca_mao_direcao-300x200.jpg 300w, https:\/\/www.santaritadopassaquatro.sp.gov.br\/portal\/wp-content\/uploads\/2019\/07\/Mudanca_mao_direcao-768x512.jpg 768w, https:\/\/www.santaritadopassaquatro.sp.gov.br\/portal\/wp-content\/uploads\/2019\/07\/Mudanca_mao_direcao-1024x683.jpg 1024w\" sizes=\"(max-width: 300px) 100vw, 300px\" \/><figcaption id=\"caption-attachment-1770\" class=\"wp-caption-text\"><span style=\"font-size: 8pt; color: #999999;\"><em><strong> Trecho no entorno da EMEI que passar\u00e1 pela mudan\u00e7a a partir do dia 22 de julho (AssCom\/Divulga\u00e7\u00e3o)<\/strong><\/em><\/span><\/figcaption><\/figure>\n<p>Motoristas de Santa Rita do Passa Quatro devem ficar atento a mudan\u00e7a no transito \u00e0 partir desta segunda-feira (22\/7), quando come\u00e7a a vigorar nova regra nas proximidades da EMEI Galdina Lima Segatto. O acesso \u00e0 Rua Dalva e trecho da Rua Eduardo Padovani ter\u00e3o suas m\u00e3os de dire\u00e7\u00e3o invertidas.<\/p>\n<p>A partir desta data, o pequeno trecho da Rua Dalva ter\u00e1 m\u00e3o \u00fanica no sentido da Rua Eduardo Padovani rumo \u00e0 Avenida Professor Jos\u00e9 Gonso. A invers\u00e3o tamb\u00e9m vai vigorar na Rua Eduardo Padovani, a partir da Avenida Professor Jos\u00e9 Gonso at\u00e9 a Rua Dalva. Ambos os trechos vigoram em sentindo contr\u00e1rio atualmente e tem gerado preocupa\u00e7\u00e3o entre moradores e pessoas que transitam pelo local.<\/p>\n<figure id=\"attachment_1771\" aria-describedby=\"caption-attachment-1771\" style=\"width: 576px\" class=\"wp-caption alignright\"><img decoding=\"async\" class=\"wp-image-1771\" src=\"http:\/\/www.santaritadopassaquatro.sp.gov.br\/portal\/wp-content\/uploads\/2019\/07\/Mudanca_mao_direcao_grafico-300x140.jpg\" alt=\"\" width=\"576\" height=\"269\" srcset=\"https:\/\/www.santaritadopassaquatro.sp.gov.br\/portal\/wp-content\/uploads\/2019\/07\/Mudanca_mao_direcao_grafico-300x140.jpg 300w, https:\/\/www.santaritadopassaquatro.sp.gov.br\/portal\/wp-content\/uploads\/2019\/07\/Mudanca_mao_direcao_grafico-768x358.jpg 768w, https:\/\/www.santaritadopassaquatro.sp.gov.br\/portal\/wp-content\/uploads\/2019\/07\/Mudanca_mao_direcao_grafico-1024x477.jpg 1024w\" sizes=\"(max-width: 576px) 100vw, 576px\" \/><figcaption id=\"caption-attachment-1771\" class=\"wp-caption-text\"><span style=\"font-size: 8pt; color: #999999;\"><em>\u00a0 \u00a0 \u00a0 \u00a0 \u00a0 \u00a0 \u00a0 \u00a0 \u00a0 \u00a0 \u00a0 \u00a0 \u00a0 \u00a0 \u00a0 \u00a0 \u00a0 \u00a0 \u00a0 \u00a0 \u00a0Gr\u00e1fico indica antes e o depois da mudan\u00e7a (Divulga\u00e7\u00e3o)<\/em><\/span><\/figcaption><\/figure>\n<p>A medida tomada pelo Departamento de Servi\u00e7os Municipais (DSM), Divis\u00e3o de Tr\u00e2nsito, da Prefeitura Municipal, visa melhorar o tr\u00e1fego no trecho, j\u00e1 que no local h\u00e1 uma movimenta\u00e7\u00e3o intensa de ve\u00edculos e pessoas que tem acesso \u00e0 AMEF Madre Carmelita e EMEI Galdina Lima Segatto.<\/p>\n<p>O DSM est\u00e1 providenciando a respectiva sinaliza\u00e7\u00e3o no local e a popula\u00e7\u00e3o est\u00e1 sendo informada com anteced\u00eancia, para que a nova regra possa come\u00e7ar a vigorar na data prevista.<\/p>\n<p>Motoristas e pedestres tamb\u00e9m devem ficar atentos \u00e0 sinaliza\u00e7\u00e3o de PARE na regi\u00e3o.<\/p>\n<p><strong>\u00a0<\/strong><\/p>\n<p>&nbsp;<\/p>\n<p>&nbsp;<\/p>\n<p>&nbsp;<\/p>\n","protected":false},"excerpt":{"rendered":"<p>Acesso Rua Dalva e parte da Rua Eduardo Padovani, no entorno da EMEI Galdina Lima Segatto, ter\u00e3o sentido invertido &nbsp;<\/p>\n","protected":false},"author":1,"featured_media":1770,"comment_status":"closed","ping_status":"open","sticky":false,"template":"","format":"standard","meta":{"footnotes":""},"categories":[44,52],"tags":[],"class_list":["post-1829","post","type-post","status-publish","format-standard","has-post-thumbnail","hentry","category-cidades","category-latest"],"_links":{"self":[{"href":"https:\/\/www.santaritadopassaquatro.sp.gov.br\/portal\/wp-json\/wp\/v2\/posts\/1829","targetHints":{"allow":["GET"]}}],"collection":[{"href":"https:\/\/www.santaritadopassaquatro.sp.gov.br\/portal\/wp-json\/wp\/v2\/posts"}],"about":[{"href":"https:\/\/www.santaritadopassaquatro.sp.gov.br\/portal\/wp-json\/wp\/v2\/types\/post"}],"author":[{"embeddable":true,"href":"https:\/\/www.santaritadopassaquatro.sp.gov.br\/portal\/wp-json\/wp\/v2\/users\/1"}],"replies":[{"embeddable":true,"href":"https:\/\/www.santaritadopassaquatro.sp.gov.br\/portal\/wp-json\/wp\/v2\/comments?post=1829"}],"version-history":[{"count":0,"href":"https:\/\/www.santaritadopassaquatro.sp.gov.br\/portal\/wp-json\/wp\/v2\/posts\/1829\/revisions"}],"wp:featuredmedia":[{"embeddable":true,"href":"https:\/\/www.santaritadopassaquatro.sp.gov.br\/portal\/wp-json\/wp\/v2\/media\/1770"}],"wp:attachment":[{"href":"https:\/\/www.santaritadopassaquatro.sp.gov.br\/portal\/wp-json\/wp\/v2\/media?parent=1829"}],"wp:term":[{"taxonomy":"category","embeddable":true,"href":"https:\/\/www.santaritadopassaquatro.sp.gov.br\/portal\/wp-json\/wp\/v2\/categories?post=1829"},{"taxonomy":"post_tag","embeddable":true,"href":"https:\/\/www.santaritadopassaquatro.sp.gov.br\/portal\/wp-json\/wp\/v2\/tags?post=1829"}],"curies":[{"name":"wp","href":"https:\/\/api.w.org\/{rel}","templated":true}]}}