{"id":1831,"date":"2019-07-19T17:03:43","date_gmt":"2019-07-19T20:03:43","guid":{"rendered":"http:\/\/www.santaritadopassaquatro.sp.gov.br\/portal\/?p=1831"},"modified":"2019-07-19T17:03:43","modified_gmt":"2019-07-19T20:03:43","slug":"atraves-do-proac-exposicao-sobre-zequinha-de-abreu-comeca-na-sexta-feira","status":"publish","type":"post","link":"https:\/\/www.santaritadopassaquatro.sp.gov.br\/portal\/atraves-do-proac-exposicao-sobre-zequinha-de-abreu-comeca-na-sexta-feira\/","title":{"rendered":"Atrav\u00e9s do ProAc, exposi\u00e7\u00e3o sobre Zequinha de Abreu come\u00e7a na sexta-feira"},"content":{"rendered":"<p><strong><em>Abertura ter\u00e1 show com grupo Choro da Casa; mostra de longa perman\u00eancia ir\u00e1 abordar a obra do compositor santa-ritense <\/em><\/strong><\/p>\n<p><strong><em>\u00a0<\/em><\/strong><\/p>\n<figure id=\"attachment_1759\" aria-describedby=\"caption-attachment-1759\" style=\"width: 396px\" class=\"wp-caption alignleft\"><img decoding=\"async\" class=\"wp-image-1759\" src=\"http:\/\/www.santaritadopassaquatro.sp.gov.br\/portal\/wp-content\/uploads\/2019\/07\/Expo_Zequinha_Abreu_Grupo_choro_casa.jpg-300x200.jpg\" alt=\"\" width=\"396\" height=\"264\" srcset=\"https:\/\/www.santaritadopassaquatro.sp.gov.br\/portal\/wp-content\/uploads\/2019\/07\/Expo_Zequinha_Abreu_Grupo_choro_casa.jpg-300x200.jpg 300w, https:\/\/www.santaritadopassaquatro.sp.gov.br\/portal\/wp-content\/uploads\/2019\/07\/Expo_Zequinha_Abreu_Grupo_choro_casa.jpg-768x512.jpg 768w, https:\/\/www.santaritadopassaquatro.sp.gov.br\/portal\/wp-content\/uploads\/2019\/07\/Expo_Zequinha_Abreu_Grupo_choro_casa.jpg-1024x682.jpg 1024w, https:\/\/www.santaritadopassaquatro.sp.gov.br\/portal\/wp-content\/uploads\/2019\/07\/Expo_Zequinha_Abreu_Grupo_choro_casa.jpg.jpg 1976w\" sizes=\"(max-width: 396px) 100vw, 396px\" \/><figcaption id=\"caption-attachment-1759\" class=\"wp-caption-text\"><span style=\"font-size: 8pt; color: #999999;\"><em><strong>O grupo Choro da Casa, que ir\u00e1 se apresentar no abertura da mostra \u201cDa \u200bFlor da Estrada ao \u200bTico-tico \u200bno Fub\u00e1\u201d (Arquivo\/AssCom\/Divulga\u00e7\u00e3o)<\/strong><\/em><\/span><\/figcaption><\/figure>\n<p>Santa Rita do Passa Quatro ir\u00e1 receber uma exposi\u00e7\u00e3o de longa dura\u00e7\u00e3o sobre Zequinha de Abreu. Promovida com recursos do Programa de A\u00e7\u00e3o Cultural (ProAc), atrav\u00e9s do Edital N\u00ba 17\/\/2018 para Concurso de Apoio a Projetos de Difus\u00e3o de Acervos Museol\u00f3gicos no Estado de S\u00e3o Paulo.<\/p>\n<p>Com apoio do Departamento de Cultura e Turismo, da Prefeitura Municipal, \u201cZequinha de Abreu: da \u200bFlor da Estrada ao \u200bTico-tico \u200bno Fub\u00e1\u201d, ir\u00e1 mostrar a hist\u00f3ria da m\u00fasica popular brasileira, do r\u00e1dio e do cinema nas primeiras d\u00e9cadas do s\u00e9culo 20, permeada por toda a vida e obra do compositor e m\u00fasico santa-ritense.<\/p>\n<p>De longa dura\u00e7\u00e3o, a mostra acontece \u00e0 partir desta sexta-feira (26\/7), abordando a obra do compositor santa-ritense. A abertura ser\u00e1 \u00e0 partir das 19h30, no Museu Zequinha de Abreu, e ir\u00e1 contar com a apresenta\u00e7\u00e3o do grupo musical Choro da Casa, de Ribeir\u00e3o Preto.<\/p>\n<p>A exposi\u00e7\u00e3o ter\u00e1 dois m\u00f3dulos, nos quais a carreira de Zequinha de Abreu ser\u00e1 apresentada em dois momentos, a inicia\u00e7\u00e3o musical e primeiras composi\u00e7\u00f5es ainda em sua cidade natal, e sua carreira e obra em S\u00e3o Paulo, al\u00e9m da difus\u00e3o da m\u00fasica \u201cTico-tico no Fub\u00e1\u201d no Brasil e no cinema norte americano.<\/p>\n<p>A iniciativa, coordena\u00e7\u00e3o e curadoria \u00e9 da historiadora Vanessa Martins Dias, mestre em hist\u00f3ria pela Unesp e especialista em museografia e patrim\u00f4nio cultural, que atualmente trabalha como na Funda\u00e7\u00e3o Pr\u00f3-Mem\u00f3ria de S\u00e3o Carlos. A pesquisa e curadoria \u00e9 de Eduardo Toratti, tamb\u00e9m historiador e tamb\u00e9m graduado em biblioteconomia e ci\u00eancias da Informa\u00e7\u00e3o. O grupo tamb\u00e9m conta com o apoio da arquiteta e engenheira D\u00e9bora de Almeida Nogueira.<\/p>\n<p>De acordo com o projeto, o objetivo da exposi\u00e7\u00e3o \u00e9 buscar diversifica\u00e7\u00e3o e amplia\u00e7\u00e3o do p\u00fablico, desde estudantes at\u00e9 a terceira idade, inclusive com recursos de acessibilidade, para pessoas com defici\u00eancia.\u00a0 Com a exposi\u00e7\u00e3o ser\u00e1 poss\u00edvel fomentar a difus\u00e3o do acervo museol\u00f3gico, uma vez que possibilitar\u00e1 a valoriza\u00e7\u00e3o da mem\u00f3ria local e a preserva\u00e7\u00e3o da cultura imaterial.<\/p>\n<p>A exposi\u00e7\u00e3o estar\u00e1 aberta ao p\u00fablico durante os meses seguintes, abrangendo inclusive a programa\u00e7\u00e3o do 58\u00ba Festival Zequinha de Abreu, que acontece em setembro pr\u00f3ximo.<\/p>\n<p>&nbsp;<\/p>\n<p><strong>OFICINAS <\/strong><\/p>\n<p>Al\u00e9m da mostra, o projeto tamb\u00e9m inclui duas oficinas culturais gratuitas, destinadas \u00e0 popula\u00e7\u00e3o. Nesta quarta-feira (24\/7), \u00e0 partir das 13h30, acontece a oficina \u201cA import\u00e2ncia das A\u00e7\u00f5es Educativas em Museus e Espa\u00e7os Culturais\u201d, ministrada por Eduardo Toratti. A atividade \u00e9 voltada para a discuss\u00e3o da import\u00e2ncia das a\u00e7\u00f5es educativas para a comunica\u00e7\u00e3o das exposi\u00e7\u00f5es com os seus mais diversos p\u00fablicos. Nesse sentido, ser\u00e3o mostradas diversas a\u00e7\u00f5es educativas criadas por v\u00e1rios museus.<\/p>\n<p>A outra oficina acontece na quinta-feira (25\/7), no mesmo hor\u00e1rio, e vai tratar do tema \u201cAcessibilidade em Museus e Espa\u00e7os Culturais: a audiodescri\u00e7\u00e3o como recurso para pessoas com defici\u00eancia visual\u201d. Ministrada por Vanessa Martins Dias, esta oficina tem como objetivo discutir a acessibilidade, dentro de espa\u00e7os culturais e museus, como recurso para democratizar o acesso dos mais diversos p\u00fablicos. Al\u00e9m disso, ser\u00e1 a abordada a audiodescri\u00e7\u00e3o para pessoas com defici\u00eancia visual e meios para a elabora\u00e7\u00e3o de um audioguia.<\/p>\n<p>As oficinas ir\u00e3o acontecer tamb\u00e9m no Museu Zequinha de Abreu (Pra\u00e7a M\u00e1rio Mattoso) e os interessados poder\u00e3o fazer suas inscri\u00e7\u00f5es atrav\u00e9s do e-mail: vanessa.sanjuan@gmail.com.<\/p>\n<p><strong>\u00a0<\/strong><\/p>\n<p>&nbsp;<\/p>\n<p><em>\u00a0<\/em><\/p>\n<p>&nbsp;<\/p>\n","protected":false},"excerpt":{"rendered":"<p>Abertura ter\u00e1 show com grupo Choro da Casa; mostra de longa perman\u00eancia ir\u00e1 abordar a obra do compositor santa-ritense \u00a0<\/p>\n","protected":false},"author":1,"featured_media":1759,"comment_status":"closed","ping_status":"open","sticky":false,"template":"","format":"standard","meta":{"footnotes":""},"categories":[46,60],"tags":[],"class_list":["post-1831","post","type-post","status-publish","format-standard","has-post-thumbnail","hentry","category-cultura","category-turismo"],"_links":{"self":[{"href":"https:\/\/www.santaritadopassaquatro.sp.gov.br\/portal\/wp-json\/wp\/v2\/posts\/1831","targetHints":{"allow":["GET"]}}],"collection":[{"href":"https:\/\/www.santaritadopassaquatro.sp.gov.br\/portal\/wp-json\/wp\/v2\/posts"}],"about":[{"href":"https:\/\/www.santaritadopassaquatro.sp.gov.br\/portal\/wp-json\/wp\/v2\/types\/post"}],"author":[{"embeddable":true,"href":"https:\/\/www.santaritadopassaquatro.sp.gov.br\/portal\/wp-json\/wp\/v2\/users\/1"}],"replies":[{"embeddable":true,"href":"https:\/\/www.santaritadopassaquatro.sp.gov.br\/portal\/wp-json\/wp\/v2\/comments?post=1831"}],"version-history":[{"count":0,"href":"https:\/\/www.santaritadopassaquatro.sp.gov.br\/portal\/wp-json\/wp\/v2\/posts\/1831\/revisions"}],"wp:featuredmedia":[{"embeddable":true,"href":"https:\/\/www.santaritadopassaquatro.sp.gov.br\/portal\/wp-json\/wp\/v2\/media\/1759"}],"wp:attachment":[{"href":"https:\/\/www.santaritadopassaquatro.sp.gov.br\/portal\/wp-json\/wp\/v2\/media?parent=1831"}],"wp:term":[{"taxonomy":"category","embeddable":true,"href":"https:\/\/www.santaritadopassaquatro.sp.gov.br\/portal\/wp-json\/wp\/v2\/categories?post=1831"},{"taxonomy":"post_tag","embeddable":true,"href":"https:\/\/www.santaritadopassaquatro.sp.gov.br\/portal\/wp-json\/wp\/v2\/tags?post=1831"}],"curies":[{"name":"wp","href":"https:\/\/api.w.org\/{rel}","templated":true}]}}