{"id":1856,"date":"2019-07-26T14:16:39","date_gmt":"2019-07-26T17:16:39","guid":{"rendered":"http:\/\/www.santaritadopassaquatro.sp.gov.br\/portal\/?p=1856"},"modified":"2019-07-26T14:16:39","modified_gmt":"2019-07-26T17:16:39","slug":"departamento-de-cultura-traz-de-volta-o-espaco-nucleo-com-mais-uma-peca-teatral","status":"publish","type":"post","link":"https:\/\/www.santaritadopassaquatro.sp.gov.br\/portal\/departamento-de-cultura-traz-de-volta-o-espaco-nucleo-com-mais-uma-peca-teatral\/","title":{"rendered":"Departamento de Cultura traz de volta o Espa\u00e7o N\u00facleo com mais uma pe\u00e7a teatral"},"content":{"rendered":"<p><strong><em>Depois de Peter Pan, espet\u00e1culo M\u00e1gico de Oz ser\u00e1 encenado no Centro Cultural Mario Covas no pr\u00f3ximo dia 10 de agosto<\/em><\/strong><\/p>\n<p>&nbsp;<\/p>\n<figure id=\"attachment_1857\" aria-describedby=\"caption-attachment-1857\" style=\"width: 399px\" class=\"wp-caption alignleft\"><img decoding=\"async\" class=\"wp-image-1857 \" src=\"http:\/\/www.santaritadopassaquatro.sp.gov.br\/portal\/wp-content\/uploads\/2019\/07\/Magico_Oz-300x212.jpg\" alt=\"\" width=\"399\" height=\"282\" srcset=\"https:\/\/www.santaritadopassaquatro.sp.gov.br\/portal\/wp-content\/uploads\/2019\/07\/Magico_Oz-300x212.jpg 300w, https:\/\/www.santaritadopassaquatro.sp.gov.br\/portal\/wp-content\/uploads\/2019\/07\/Magico_Oz-768x543.jpg 768w, https:\/\/www.santaritadopassaquatro.sp.gov.br\/portal\/wp-content\/uploads\/2019\/07\/Magico_Oz-1024x725.jpg 1024w, https:\/\/www.santaritadopassaquatro.sp.gov.br\/portal\/wp-content\/uploads\/2019\/07\/Magico_Oz.jpg 1772w\" sizes=\"(max-width: 399px) 100vw, 399px\" \/><figcaption id=\"caption-attachment-1857\" class=\"wp-caption-text\"><span style=\"font-size: 8pt; color: #999999;\"><em><strong>Cena de Magico Oz, do Espa\u00e7o N\u00facleo, que ser\u00e1 apresentado em Santa Rita, no pr\u00f3ximo m\u00eas (Divulga\u00e7\u00e3o)<\/strong><\/em><\/span><\/figcaption><\/figure>\n<p>Agosto \u00e9 mais uma m\u00eas repleto de atra\u00e7\u00f5es culturais promovidas pelo Departamento de Cultura da Prefeitura Municipal de Santa Rita do Passa Quatro. Uma delas traz de volta \u00e0 cidade o Espa\u00e7o N\u00facleo, com mais um espet\u00e1culo teatral. No pr\u00f3ximo dia 10\/8, s\u00e1bado, acontece a pe\u00e7a \u201cO M\u00e1gico De Oz\u201d, um verdadeiro cl\u00e1ssico infanto-juvenil. A atra\u00e7\u00e3o come\u00e7a \u00e0s 19h30, no Centro Cultural M\u00e1rio Covas.<\/p>\n<p>No espet\u00e1culo, Dorothy e seu c\u00e3ozinho Tot\u00f3 s\u00e3o levados para a terra m\u00e1gica de Oz quando um ciclone passa pela fazenda de seus av\u00f3s no Kansas. Eles viajam em dire\u00e7\u00e3o \u00e0 Cidade das Esmeraldas para encontrar o M\u00e1gico de Oz e no caminho encontram um Espantalho, que precisa de um c\u00e9rebro, um Homem de Lata sem um cora\u00e7\u00e3o e um Le\u00e3o Covarde. Juntos v\u00e3o atr\u00e1s dos seus sonhos, sempre fugindo da Bruxa M\u00e1, uma grande aventura repleta de m\u00fasica, dan\u00e7a e efeitos especiais.<\/p>\n<p>A entrada gratuita, mas o p\u00fablico dever\u00e1 retirar seus ingressos no Departamento Municipal Cultura, que fica no Museu Zequinha de Abreu (Pra\u00e7a Mario Mattoso), de segunda a sexta-feira, das 8h \u00e0s 11h e das 13h as 17 horas.<\/p>\n<p>O grupo teatral Espa\u00e7o N\u00facleo, de Limeira, j\u00e1 esteve em Santa Rita com tr\u00eas espet\u00e1culos. \u00a0Em 2018, foram apresentadas as pe\u00e7as \u201cCaravela da Ilus\u00e3o\u201d, em maio, e \u201cJo\u00e3o e o P\u00e9 de Feij\u00e3o\u201d, em outubro.\u00a0 E este ano, em junho, aconteceu e espet\u00e1culo Peter Pan. Todas com atra\u00e7\u00f5es com grande participa\u00e7\u00e3o do p\u00fablico.<\/p>\n<p>&nbsp;<\/p>\n<p>&nbsp;<\/p>\n<p><strong>\u00a0<\/strong><\/p>\n<p><strong>\u00a0<\/strong><\/p>\n<p>&nbsp;<\/p>\n<p>&nbsp;<\/p>\n<p>&nbsp;<\/p>\n<p>&nbsp;<\/p>\n<p>&nbsp;<\/p>\n<p>&nbsp;<\/p>\n<p>&nbsp;<\/p>\n<p>&nbsp;<\/p>\n<p>&nbsp;<\/p>\n<p>&nbsp;<\/p>\n<p>&nbsp;<\/p>\n<p>&nbsp;<\/p>\n<p>&nbsp;<\/p>\n<p>&nbsp;<\/p>\n<p>&nbsp;<\/p>\n<p>&nbsp;<\/p>\n<p>&nbsp;<\/p>\n<p>&nbsp;<\/p>\n<p>&nbsp;<\/p>\n","protected":false},"excerpt":{"rendered":"<p>Depois de Peter Pan, espet\u00e1culo M\u00e1gico de Oz ser\u00e1 encenado no Centro Cultural Mario Covas no pr\u00f3ximo dia 10 de<\/p>\n","protected":false},"author":1,"featured_media":1858,"comment_status":"closed","ping_status":"open","sticky":false,"template":"","format":"standard","meta":{"footnotes":""},"categories":[46,60],"tags":[],"class_list":["post-1856","post","type-post","status-publish","format-standard","has-post-thumbnail","hentry","category-cultura","category-turismo"],"_links":{"self":[{"href":"https:\/\/www.santaritadopassaquatro.sp.gov.br\/portal\/wp-json\/wp\/v2\/posts\/1856","targetHints":{"allow":["GET"]}}],"collection":[{"href":"https:\/\/www.santaritadopassaquatro.sp.gov.br\/portal\/wp-json\/wp\/v2\/posts"}],"about":[{"href":"https:\/\/www.santaritadopassaquatro.sp.gov.br\/portal\/wp-json\/wp\/v2\/types\/post"}],"author":[{"embeddable":true,"href":"https:\/\/www.santaritadopassaquatro.sp.gov.br\/portal\/wp-json\/wp\/v2\/users\/1"}],"replies":[{"embeddable":true,"href":"https:\/\/www.santaritadopassaquatro.sp.gov.br\/portal\/wp-json\/wp\/v2\/comments?post=1856"}],"version-history":[{"count":0,"href":"https:\/\/www.santaritadopassaquatro.sp.gov.br\/portal\/wp-json\/wp\/v2\/posts\/1856\/revisions"}],"wp:featuredmedia":[{"embeddable":true,"href":"https:\/\/www.santaritadopassaquatro.sp.gov.br\/portal\/wp-json\/wp\/v2\/media\/1858"}],"wp:attachment":[{"href":"https:\/\/www.santaritadopassaquatro.sp.gov.br\/portal\/wp-json\/wp\/v2\/media?parent=1856"}],"wp:term":[{"taxonomy":"category","embeddable":true,"href":"https:\/\/www.santaritadopassaquatro.sp.gov.br\/portal\/wp-json\/wp\/v2\/categories?post=1856"},{"taxonomy":"post_tag","embeddable":true,"href":"https:\/\/www.santaritadopassaquatro.sp.gov.br\/portal\/wp-json\/wp\/v2\/tags?post=1856"}],"curies":[{"name":"wp","href":"https:\/\/api.w.org\/{rel}","templated":true}]}}