{"id":1860,"date":"2019-07-26T14:18:44","date_gmt":"2019-07-26T17:18:44","guid":{"rendered":"http:\/\/www.santaritadopassaquatro.sp.gov.br\/portal\/?p=1860"},"modified":"2019-07-26T14:18:44","modified_gmt":"2019-07-26T17:18:44","slug":"com-incentivo-do-proac-comeca-a-exposicao-zequinha-de-abreu","status":"publish","type":"post","link":"https:\/\/www.santaritadopassaquatro.sp.gov.br\/portal\/com-incentivo-do-proac-comeca-a-exposicao-zequinha-de-abreu\/","title":{"rendered":"Com incentivo do ProAc, come\u00e7a a exposi\u00e7\u00e3o Zequinha de Abreu"},"content":{"rendered":"<p><strong><em>Mostra de longa perman\u00eancia ir\u00e1 abordar a obra do compositor santa-ritense;\u00a0\u00a0<\/em><\/strong><strong><em>abertura nesta sexta-feira, tem apresenta\u00e7\u00e3o do grupo Choro da Casa <\/em><\/strong><\/p>\n<p><strong>\u00a0<\/strong><\/p>\n<figure id=\"attachment_1861\" aria-describedby=\"caption-attachment-1861\" style=\"width: 430px\" class=\"wp-caption alignleft\"><img decoding=\"async\" class=\"wp-image-1861\" src=\"http:\/\/www.santaritadopassaquatro.sp.gov.br\/portal\/wp-content\/uploads\/2019\/07\/Esprosicao_Zequinha-300x169.jpeg\" alt=\"\" width=\"430\" height=\"242\" srcset=\"https:\/\/www.santaritadopassaquatro.sp.gov.br\/portal\/wp-content\/uploads\/2019\/07\/Esprosicao_Zequinha-300x169.jpeg 300w, https:\/\/www.santaritadopassaquatro.sp.gov.br\/portal\/wp-content\/uploads\/2019\/07\/Esprosicao_Zequinha-768x432.jpeg 768w, https:\/\/www.santaritadopassaquatro.sp.gov.br\/portal\/wp-content\/uploads\/2019\/07\/Esprosicao_Zequinha-1024x576.jpeg 1024w, https:\/\/www.santaritadopassaquatro.sp.gov.br\/portal\/wp-content\/uploads\/2019\/07\/Esprosicao_Zequinha.jpeg 1280w\" sizes=\"(max-width: 430px) 100vw, 430px\" \/><figcaption id=\"caption-attachment-1861\" class=\"wp-caption-text\"><span style=\"font-size: 8pt; color: #999999;\"><em><strong>Montagem parte da exposi\u00e7\u00e3o \u201cZequinha de Abreu: da \u200bFlor da Estrada ao \u200bTico-tico \u200bno Fub\u00e1\u201d (AssCom\/Divulga\u00e7\u00e3o)<\/strong><\/em><\/span><\/figcaption><\/figure>\n<p>Santa Rita do Passa Quatro recebe a partir desta sexta-feira (26\/7) uma exposi\u00e7\u00e3o sobre o compositor santa-ritense, Zequinha de Abreu, autor do choro \u201cTico-tico no Fub\u00e1, a m\u00fasica brasileira mais executada no mundo.<\/p>\n<p>\u201cZequinha de Abreu: da \u200bFlor da Estrada ao \u200bTico-tico \u200bno Fub\u00e1\u201d, ir\u00e1 mostrar a hist\u00f3ria da m\u00fasica popular brasileira, do r\u00e1dio e do cinema nas primeiras d\u00e9cadas do s\u00e9culo 20, permeada por toda a vida e obra do compositor e m\u00fasico nascido no munic\u00edpio em 1880.<\/p>\n<p>A abertura acontece \u00e0 partir das 19h30, no Museu Zequinha de Abreu, com apresenta\u00e7\u00e3o do grupo musical Choro da Casa, de Ribeir\u00e3o Preto.<\/p>\n<p>Promovida com recursos do Programa de A\u00e7\u00e3o Cultural (ProAc), atrav\u00e9s do Edital N\u00ba 17\/\/2018 para Concurso de Apoio a Projetos de Difus\u00e3o de Acervos Museol\u00f3gicos no Estado de S\u00e3o Paulo, a mostra de longa dura\u00e7\u00e3o tem apoio do Departamento de Cultura e Turismo, da Prefeitura Municipal.<\/p>\n<p>A exposi\u00e7\u00e3o ter\u00e1 dois m\u00f3dulos, nos quais a carreira de Zequinha de Abreu ser\u00e1 apresentada em dois momentos, a inicia\u00e7\u00e3o musical e primeiras composi\u00e7\u00f5es ainda em sua cidade natal, e sua carreira e obra em S\u00e3o Paulo, al\u00e9m da difus\u00e3o da m\u00fasica \u201cTico-tico no Fub\u00e1\u201d no Brasil e no cinema norte americano.<\/p>\n<p>A iniciativa, coordena\u00e7\u00e3o e curadoria \u00e9 da historiadora Vanessa Martins Dias, mestre em hist\u00f3ria pela Unesp e especialista em museografia e patrim\u00f4nio cultural, que atualmente trabalha como na Funda\u00e7\u00e3o Pr\u00f3-Mem\u00f3ria de S\u00e3o Carlos. A pesquisa e curadoria \u00e9 de Eduardo Toratti, tamb\u00e9m historiador e tamb\u00e9m graduado em biblioteconomia e ci\u00eancias da Informa\u00e7\u00e3o. O grupo tamb\u00e9m conta com o apoio da arquiteta e engenheira D\u00e9bora de Almeida Nogueira.<\/p>\n<p>De acordo com o projeto, o objetivo da exposi\u00e7\u00e3o \u00e9 buscar diversifica\u00e7\u00e3o e amplia\u00e7\u00e3o do p\u00fablico, desde estudantes at\u00e9 a terceira idade, inclusive com recursos de acessibilidade, para pessoas com defici\u00eancia.\u00a0 Com a exposi\u00e7\u00e3o ser\u00e1 poss\u00edvel fomentar a difus\u00e3o do acervo museol\u00f3gico, uma vez que possibilitar\u00e1 a valoriza\u00e7\u00e3o da mem\u00f3ria local e a preserva\u00e7\u00e3o da cultura imaterial.<\/p>\n<p>A exposi\u00e7\u00e3o estar\u00e1 aberta ao p\u00fablico durante os meses seguintes, abrangendo inclusive a programa\u00e7\u00e3o do 58\u00ba Festival Zequinha de Abreu, que acontece em setembro pr\u00f3ximo.<\/p>\n<p>&nbsp;<\/p>\n<p><strong>ZEQUINHA DE ABREU<\/strong><\/p>\n<p>Jos\u00e9 Gomes de Abreu nasceu em Santa Rita do Passa Quatro, em 19 de setembro de 1880, e faleceu em S\u00e3o Paulo, no dia 22 de janeiro de 1935. \u00a0Mais conhecido como Zequinha de Abreu, em considerado um dos maiores compositores do Brasil e \u00e9 autor do choro &#8220;Tico-Tico no Fub\u00e1&#8221;, a m\u00fasica brasileira mais executada no mundo. Sua obra mais popular, atingiu o \u00e1pice nos anos 1940, quando fez parte de nada menos do que seis filmes em Hollywood. A can\u00e7\u00e3o aparece com duas letras, uma feita no Brasil, e outra vers\u00e3o escrita nos Estados Unidos, por Alo\u00edsio de Oliveira, para Carmen Miranda, gravada pela Decca Records, em 1945, sendo trilha do filme \u201cCopacabana\u201d, de 1947.<\/p>\n<p>&nbsp;<\/p>\n<p>&nbsp;<\/p>\n<p>&nbsp;<\/p>\n<p>&nbsp;<\/p>\n<p>&nbsp;<\/p>\n<p>&nbsp;<\/p>\n<p>&nbsp;<\/p>\n<p>&nbsp;<\/p>\n<p>&nbsp;<\/p>\n<p>&nbsp;<\/p>\n<p>&nbsp;<\/p>\n<p>&nbsp;<\/p>\n<p>&nbsp;<\/p>\n<p>&nbsp;<\/p>\n<p>&nbsp;<\/p>\n<p>&nbsp;<\/p>\n<p>&nbsp;<\/p>\n<p>&nbsp;<\/p>\n<p>&nbsp;<\/p>\n<p>&nbsp;<\/p>\n<p>&nbsp;<\/p>\n","protected":false},"excerpt":{"rendered":"<p>Mostra de longa perman\u00eancia ir\u00e1 abordar a obra do compositor santa-ritense;\u00a0\u00a0abertura nesta sexta-feira, tem apresenta\u00e7\u00e3o do grupo Choro da Casa<\/p>\n","protected":false},"author":1,"featured_media":1861,"comment_status":"closed","ping_status":"open","sticky":false,"template":"","format":"standard","meta":{"footnotes":""},"categories":[46,52,60],"tags":[],"class_list":["post-1860","post","type-post","status-publish","format-standard","has-post-thumbnail","hentry","category-cultura","category-latest","category-turismo"],"_links":{"self":[{"href":"https:\/\/www.santaritadopassaquatro.sp.gov.br\/portal\/wp-json\/wp\/v2\/posts\/1860","targetHints":{"allow":["GET"]}}],"collection":[{"href":"https:\/\/www.santaritadopassaquatro.sp.gov.br\/portal\/wp-json\/wp\/v2\/posts"}],"about":[{"href":"https:\/\/www.santaritadopassaquatro.sp.gov.br\/portal\/wp-json\/wp\/v2\/types\/post"}],"author":[{"embeddable":true,"href":"https:\/\/www.santaritadopassaquatro.sp.gov.br\/portal\/wp-json\/wp\/v2\/users\/1"}],"replies":[{"embeddable":true,"href":"https:\/\/www.santaritadopassaquatro.sp.gov.br\/portal\/wp-json\/wp\/v2\/comments?post=1860"}],"version-history":[{"count":0,"href":"https:\/\/www.santaritadopassaquatro.sp.gov.br\/portal\/wp-json\/wp\/v2\/posts\/1860\/revisions"}],"wp:featuredmedia":[{"embeddable":true,"href":"https:\/\/www.santaritadopassaquatro.sp.gov.br\/portal\/wp-json\/wp\/v2\/media\/1861"}],"wp:attachment":[{"href":"https:\/\/www.santaritadopassaquatro.sp.gov.br\/portal\/wp-json\/wp\/v2\/media?parent=1860"}],"wp:term":[{"taxonomy":"category","embeddable":true,"href":"https:\/\/www.santaritadopassaquatro.sp.gov.br\/portal\/wp-json\/wp\/v2\/categories?post=1860"},{"taxonomy":"post_tag","embeddable":true,"href":"https:\/\/www.santaritadopassaquatro.sp.gov.br\/portal\/wp-json\/wp\/v2\/tags?post=1860"}],"curies":[{"name":"wp","href":"https:\/\/api.w.org\/{rel}","templated":true}]}}