{"id":1863,"date":"2019-07-26T14:20:25","date_gmt":"2019-07-26T17:20:25","guid":{"rendered":"http:\/\/www.santaritadopassaquatro.sp.gov.br\/portal\/?p=1863"},"modified":"2019-07-26T14:20:25","modified_gmt":"2019-07-26T17:20:25","slug":"em-parceria-com-prefeitura-faculdade-oferece-capacitacao-gratuita-a-populacao","status":"publish","type":"post","link":"https:\/\/www.santaritadopassaquatro.sp.gov.br\/portal\/em-parceria-com-prefeitura-faculdade-oferece-capacitacao-gratuita-a-populacao\/","title":{"rendered":"Em parceria com Prefeitura, faculdade oferece capacita\u00e7\u00e3o gratuita \u00e0 popula\u00e7\u00e3o"},"content":{"rendered":"<p><strong><em>Atendimento a Cliente ser\u00e1 tema da a\u00e7\u00e3o promovida pela Institui\u00e7\u00e3o da Funda\u00e7\u00e3o Salvador Arena, em agosto, no Centro Cultural M\u00e1rio Covas<\/em><\/strong><\/p>\n<p><strong><em>\u00a0<\/em><\/strong><\/p>\n<p><img decoding=\"async\" class=\"alignnone wp-image-1864 alignleft\" src=\"http:\/\/www.santaritadopassaquatro.sp.gov.br\/portal\/wp-content\/uploads\/2019\/07\/WhatsApp-Image-2019-07-25-at-11.05.28-212x300.jpeg\" alt=\"\" width=\"328\" height=\"464\" srcset=\"https:\/\/www.santaritadopassaquatro.sp.gov.br\/portal\/wp-content\/uploads\/2019\/07\/WhatsApp-Image-2019-07-25-at-11.05.28-212x300.jpeg 212w, https:\/\/www.santaritadopassaquatro.sp.gov.br\/portal\/wp-content\/uploads\/2019\/07\/WhatsApp-Image-2019-07-25-at-11.05.28.jpeg 660w\" sizes=\"(max-width: 328px) 100vw, 328px\" \/>A Funda\u00e7\u00e3o Salvador Arena, atrav\u00e9s da Faculdade de Tecnologia e Termomec\u00e2nica, em parceria coma Prefeitura Municipal de Santa Rita do Passa Quatro, est\u00e1 oferecendo \u00e0 popula\u00e7\u00e3o uma capacita\u00e7\u00e3o gratuita em Atendimento ao Cliente. As aulas ser\u00e3o realizadas nos dias 28 e 29 de agosto, quarta e quinta-feira, das 18h30 \u00e0s 21h30, no Centro Cultural M\u00e1rio Covas.<\/p>\n<p>A capacita\u00e7\u00e3o \u00e9 aberta ao p\u00fablico e os interessados devem fazer suas inscri\u00e7\u00f5es at\u00e9 o pr\u00f3ximo dia 23 de agosto, sexta-feira, no Sebrae Aqui Santa Rita, que fica na Avenida Severino Meirelles, 1230 \u2013 Centro, de segunda a sexta-feira, das 8h \u00e0s 11h e das 13h \u00e1s 17 horas.\u00a0 As vagas s\u00e3o limitadas.<\/p>\n<p>O conte\u00fado program\u00e1tico do curso conta com an\u00e1lise de mercado, consumidor e cliente, tipos de atendimento (presencial, balc\u00e3o, virtual e fora do estabelecimento), componentes de atendimento, comportamento de clientes, fideliza\u00e7\u00e3o, modelos de atendimento, promo\u00e7\u00e3o de venda, <em>lay out <\/em>e planejamento de atendimento.<\/p>\n<p>A a\u00e7\u00e3o conta com apoio da Prefeitura Municipal, atrav\u00e9s do Plano Municipal de Desenvolvimento.<\/p>\n","protected":false},"excerpt":{"rendered":"<p>Atendimento a Cliente ser\u00e1 tema da a\u00e7\u00e3o promovida pela Institui\u00e7\u00e3o da Funda\u00e7\u00e3o Salvador Arena, em agosto, no Centro Cultural M\u00e1rio<\/p>\n","protected":false},"author":1,"featured_media":1864,"comment_status":"closed","ping_status":"open","sticky":false,"template":"","format":"standard","meta":{"footnotes":""},"categories":[44,48,56],"tags":[],"class_list":["post-1863","post","type-post","status-publish","format-standard","has-post-thumbnail","hentry","category-cidades","category-featured","category-oportunidade"],"_links":{"self":[{"href":"https:\/\/www.santaritadopassaquatro.sp.gov.br\/portal\/wp-json\/wp\/v2\/posts\/1863","targetHints":{"allow":["GET"]}}],"collection":[{"href":"https:\/\/www.santaritadopassaquatro.sp.gov.br\/portal\/wp-json\/wp\/v2\/posts"}],"about":[{"href":"https:\/\/www.santaritadopassaquatro.sp.gov.br\/portal\/wp-json\/wp\/v2\/types\/post"}],"author":[{"embeddable":true,"href":"https:\/\/www.santaritadopassaquatro.sp.gov.br\/portal\/wp-json\/wp\/v2\/users\/1"}],"replies":[{"embeddable":true,"href":"https:\/\/www.santaritadopassaquatro.sp.gov.br\/portal\/wp-json\/wp\/v2\/comments?post=1863"}],"version-history":[{"count":0,"href":"https:\/\/www.santaritadopassaquatro.sp.gov.br\/portal\/wp-json\/wp\/v2\/posts\/1863\/revisions"}],"wp:featuredmedia":[{"embeddable":true,"href":"https:\/\/www.santaritadopassaquatro.sp.gov.br\/portal\/wp-json\/wp\/v2\/media\/1864"}],"wp:attachment":[{"href":"https:\/\/www.santaritadopassaquatro.sp.gov.br\/portal\/wp-json\/wp\/v2\/media?parent=1863"}],"wp:term":[{"taxonomy":"category","embeddable":true,"href":"https:\/\/www.santaritadopassaquatro.sp.gov.br\/portal\/wp-json\/wp\/v2\/categories?post=1863"},{"taxonomy":"post_tag","embeddable":true,"href":"https:\/\/www.santaritadopassaquatro.sp.gov.br\/portal\/wp-json\/wp\/v2\/tags?post=1863"}],"curies":[{"name":"wp","href":"https:\/\/api.w.org\/{rel}","templated":true}]}}