{"id":1868,"date":"2019-07-26T14:25:07","date_gmt":"2019-07-26T17:25:07","guid":{"rendered":"http:\/\/www.santaritadopassaquatro.sp.gov.br\/portal\/?p=1868"},"modified":"2019-07-26T14:25:07","modified_gmt":"2019-07-26T17:25:07","slug":"inscricoes-para-cursos-gratuitos-do-fundo-social-e-senai-terminam-nesta-quarta-feira","status":"publish","type":"post","link":"https:\/\/www.santaritadopassaquatro.sp.gov.br\/portal\/inscricoes-para-cursos-gratuitos-do-fundo-social-e-senai-terminam-nesta-quarta-feira\/","title":{"rendered":"Inscri\u00e7\u00f5es para cursos gratuitos do Fundo Social e Senai terminam nesta quarta-feira"},"content":{"rendered":"<p><strong><em>Cursos noturnos de Auxiliar administrativo e Log\u00edstica ser\u00e3o ministrados no Centro Profissionalizante Marcia de Souza Menegassi <\/em><\/strong><\/p>\n<p><strong><em>\u00a0<\/em><\/strong><\/p>\n<figure id=\"attachment_1869\" aria-describedby=\"caption-attachment-1869\" style=\"width: 386px\" class=\"wp-caption alignleft\"><img decoding=\"async\" class=\"wp-image-1869\" src=\"http:\/\/www.santaritadopassaquatro.sp.gov.br\/portal\/wp-content\/uploads\/2019\/07\/curso-auxiliar-administrativo-300x225.jpg\" alt=\"\" width=\"386\" height=\"290\" srcset=\"https:\/\/www.santaritadopassaquatro.sp.gov.br\/portal\/wp-content\/uploads\/2019\/07\/curso-auxiliar-administrativo-300x225.jpg 300w, https:\/\/www.santaritadopassaquatro.sp.gov.br\/portal\/wp-content\/uploads\/2019\/07\/curso-auxiliar-administrativo-768x576.jpg 768w, https:\/\/www.santaritadopassaquatro.sp.gov.br\/portal\/wp-content\/uploads\/2019\/07\/curso-auxiliar-administrativo-1024x768.jpg 1024w\" sizes=\"(max-width: 386px) 100vw, 386px\" \/><figcaption id=\"caption-attachment-1869\" class=\"wp-caption-text\"><span style=\"font-size: 8pt; color: #999999;\"><em><strong>Alunos do curso anterior no Centro Profissionalizante em parceria entre Fundo Social e Senai (Arquivo\/AssCom\/Divulga\u00e7\u00e3o)<\/strong><\/em><\/span><\/figcaption><\/figure>\n<p>Termina na pr\u00f3xima quarta-feira (31\/7) o prazo de inscri\u00e7\u00f5es para os cursos gratuitos de Auxiliar Administrativo e Fundamentos da Log\u00edstica, promovidos pela Prefeitura Municipal de Santa Rita do Passa Quatro, atrav\u00e9s do Fundo Social de Solidariedade, em parceria com o Senai-SP.<\/p>\n<p>As inscri\u00e7\u00f5es devem ser feitas na sede do Fundo Social (antigo Sesi), na Rua Visconde do Rio Branco, 1135, Jd. 22 de Maio. Para se inscrever, os interessados dever\u00e3o ter no m\u00ednimo 18 anos, conclu\u00eddo o ensino fundamental e apresentar os documentos CPF, RG, comprovante de resid\u00eancia e hist\u00f3rico escolar. As vagas s\u00e3o limitadas.<\/p>\n<p>Os cursos t\u00eam carga hor\u00e1ria de 64 horas e as aulas ser\u00e3o de segundas e quartas-feiras, das 19h \u00e0s 22 horas, e a aulas ser\u00e3o ministradas no Centro Profissionalizante Professora Marcia de Souza Menegassi (antigo Sesi).<\/p>\n<p>Com objetivo de gerar oportunidade de emprego e renda atrav\u00e9s da qualifica\u00e7\u00e3o profissional, a parceria entre Senai e Fundo Social j\u00e1 ofereceu \u00e0 popula\u00e7\u00e3o cursos de eletricista instalador, pedreiro assentador, assistente administrativo e costureira.<\/p>\n<p><strong>\u00a0<\/strong><\/p>\n<p>&nbsp;<\/p>\n<p><strong>\u00a0<\/strong><\/p>\n<p><strong>\u00a0<\/strong><\/p>\n<p>&nbsp;<\/p>\n<p>&nbsp;<\/p>\n<p>&nbsp;<\/p>\n","protected":false},"excerpt":{"rendered":"<p>Cursos noturnos de Auxiliar administrativo e Log\u00edstica ser\u00e3o ministrados no Centro Profissionalizante Marcia de Souza Menegassi \u00a0 Termina na pr\u00f3xima<\/p>\n","protected":false},"author":1,"featured_media":1869,"comment_status":"closed","ping_status":"open","sticky":false,"template":"","format":"standard","meta":{"footnotes":""},"categories":[43,52,56],"tags":[],"class_list":["post-1868","post","type-post","status-publish","format-standard","has-post-thumbnail","hentry","category-assistenciasocial","category-latest","category-oportunidade"],"_links":{"self":[{"href":"https:\/\/www.santaritadopassaquatro.sp.gov.br\/portal\/wp-json\/wp\/v2\/posts\/1868","targetHints":{"allow":["GET"]}}],"collection":[{"href":"https:\/\/www.santaritadopassaquatro.sp.gov.br\/portal\/wp-json\/wp\/v2\/posts"}],"about":[{"href":"https:\/\/www.santaritadopassaquatro.sp.gov.br\/portal\/wp-json\/wp\/v2\/types\/post"}],"author":[{"embeddable":true,"href":"https:\/\/www.santaritadopassaquatro.sp.gov.br\/portal\/wp-json\/wp\/v2\/users\/1"}],"replies":[{"embeddable":true,"href":"https:\/\/www.santaritadopassaquatro.sp.gov.br\/portal\/wp-json\/wp\/v2\/comments?post=1868"}],"version-history":[{"count":0,"href":"https:\/\/www.santaritadopassaquatro.sp.gov.br\/portal\/wp-json\/wp\/v2\/posts\/1868\/revisions"}],"wp:featuredmedia":[{"embeddable":true,"href":"https:\/\/www.santaritadopassaquatro.sp.gov.br\/portal\/wp-json\/wp\/v2\/media\/1869"}],"wp:attachment":[{"href":"https:\/\/www.santaritadopassaquatro.sp.gov.br\/portal\/wp-json\/wp\/v2\/media?parent=1868"}],"wp:term":[{"taxonomy":"category","embeddable":true,"href":"https:\/\/www.santaritadopassaquatro.sp.gov.br\/portal\/wp-json\/wp\/v2\/categories?post=1868"},{"taxonomy":"post_tag","embeddable":true,"href":"https:\/\/www.santaritadopassaquatro.sp.gov.br\/portal\/wp-json\/wp\/v2\/tags?post=1868"}],"curies":[{"name":"wp","href":"https:\/\/api.w.org\/{rel}","templated":true}]}}