{"id":1873,"date":"2019-07-26T14:29:44","date_gmt":"2019-07-26T17:29:44","guid":{"rendered":"http:\/\/www.santaritadopassaquatro.sp.gov.br\/portal\/?p=1873"},"modified":"2019-07-26T14:29:44","modified_gmt":"2019-07-26T17:29:44","slug":"museu-zequinha-de-abreu-recebe-doacao-de-instrumento-musical-centenario","status":"publish","type":"post","link":"https:\/\/www.santaritadopassaquatro.sp.gov.br\/portal\/museu-zequinha-de-abreu-recebe-doacao-de-instrumento-musical-centenario\/","title":{"rendered":"Museu Zequinha de Abreu recebe doa\u00e7\u00e3o de instrumento musical centen\u00e1rio"},"content":{"rendered":"<p><strong><em>Baixo de sopro pertenceu a m\u00fasicos da fam\u00edlia Bizzarro quando a banda ainda regida pelo compositor santa-ritense <\/em><\/strong><\/p>\n<p>&nbsp;<\/p>\n<figure id=\"attachment_1876\" aria-describedby=\"caption-attachment-1876\" style=\"width: 413px\" class=\"wp-caption alignleft\"><img decoding=\"async\" class=\"wp-image-1876\" src=\"http:\/\/www.santaritadopassaquatro.sp.gov.br\/portal\/wp-content\/uploads\/2019\/07\/Docao_museu_foto1-300x200.jpg\" alt=\"\" width=\"413\" height=\"275\" srcset=\"https:\/\/www.santaritadopassaquatro.sp.gov.br\/portal\/wp-content\/uploads\/2019\/07\/Docao_museu_foto1-300x200.jpg 300w, https:\/\/www.santaritadopassaquatro.sp.gov.br\/portal\/wp-content\/uploads\/2019\/07\/Docao_museu_foto1-768x512.jpg 768w, https:\/\/www.santaritadopassaquatro.sp.gov.br\/portal\/wp-content\/uploads\/2019\/07\/Docao_museu_foto1-1024x683.jpg 1024w\" sizes=\"(max-width: 413px) 100vw, 413px\" \/><figcaption id=\"caption-attachment-1876\" class=\"wp-caption-text\"><span style=\"font-size: 8pt;\"><em><span style=\"color: #999999;\"><strong>Equipe do Departamento de Cultura e Turismo com os irm\u00e3os Roberto e Jo\u00e3o Bizzarro no momento da doa\u00e7\u00e3o (AssCom\/Divulga\u00e7\u00e3o)<\/strong><\/span><\/em><\/span><\/figcaption><\/figure>\n<p>O Museu Zequinha de Abreu, de Santa Rita do Passa Quatro, tem mais uma pe\u00e7a em seu acervo. Um baixo de sopro de mais de cem anos foi doado na semana passada pela fam\u00edlia do m\u00fasico Olinto Bizarro.<\/p>\n<p>A doa\u00e7\u00e3o foi feita no \u00faltimo dia 18, quinta-feira, pelos filhos do m\u00fasico, Roberto, de 88 anos, e Jo\u00e3o Bizarro, de 95 anos, que vieram a cidade de Osasco, onde residem, exclusivamente para trazer o instrumento.<\/p>\n<p>Segundo relatos dos doadores, o instrumento foi tocado pelo pai dos irm\u00e3os, Olinto Bizzarro, no in\u00edcio do que seria depois a Banda Zequinha de Abreu. \u201cMeu av\u00f4 comprou o instrumento h\u00e1 mais de 80 anos\u201d, disse um dos doadores. \u201cE ele j\u00e1 era usado\u201d, revelou constatando que o baixo de sopro doado tem mais de cem anos.<\/p>\n<figure id=\"attachment_1875\" aria-describedby=\"caption-attachment-1875\" style=\"width: 362px\" class=\"wp-caption alignright\"><img decoding=\"async\" class=\"wp-image-1875\" src=\"http:\/\/www.santaritadopassaquatro.sp.gov.br\/portal\/wp-content\/uploads\/2019\/07\/Docao_museu_foto3-300x200.jpg\" alt=\"\" width=\"362\" height=\"246\" \/><figcaption id=\"caption-attachment-1875\" class=\"wp-caption-text\"><span style=\"font-size: 8pt; color: #999999;\"><em><strong>Reprodu\u00e7\u00e3o de foto de 1934 da Banda Zequinha de Abreu, com Olinto Bizzarro e o baixo de sobro, no alto \u00e0 esquerda (Reprodu\u00e7\u00e3o)<\/strong><\/em><\/span><\/figcaption><\/figure>\n<p>Jo\u00e3o, o filho mais velho, foi \u00e0s l\u00e1grimas quando identificou o instrumento em uma das fotos exibidas no acervo do Museu. A imagem da Banda Musical Zequinha de Abreu \u00e9 datada de 1934, e quem aparece com o baixo de sopro nas m\u00e3os seria o seu pai.<\/p>\n<p>Em pesquisas por fotografias da \u00e9poca, o historiador Argemiro Octaviano identificou mais dois membros da fam\u00edlia que fizeram parte da banda, o alfaiate Pedro Bizzarro foi segundo clarinetista da orquestra \u201cLyra Santa-Ritense\u201d, em 1904, ainda regida por Zequinha de Abreu. Outro integrante da fam\u00edlia que aparece na r\u00e1pida pesquisa foi Jo\u00e3o Bizzarro.<\/p>\n<p>Segundo o historiador, o baixo de sopro era um instrumento muito importante. \u201cNessa foto dos primeiros anos do s\u00e9culo tem um m\u00fasico exibindo o baixo\u201d, disse Argemiro, se referindo a outra foto centen\u00e1ria pesquisada.<\/p>\n<p>A doa\u00e7\u00e3o foi recebida pelo diretor do Departamento Municipal de Cultura e Turismo, Antonio Arnaldo Reatto dos Santos. Ap\u00f3s a formaliza\u00e7\u00e3o, o instrumento j\u00e1 faz parte do acervo do museu e est\u00e1 em exibi\u00e7\u00e3o para o p\u00fablico.<\/p>\n<p>&nbsp;<\/p>\n<p>&nbsp;<\/p>\n<p><strong>\u00a0<\/strong><\/p>\n<p>&nbsp;<\/p>\n<p>&nbsp;<\/p>\n<p>&nbsp;<\/p>\n<p>&nbsp;<\/p>\n<p>&nbsp;<\/p>\n<p>&nbsp;<\/p>\n<p>&nbsp;<\/p>\n<p>&nbsp;<\/p>\n<p>&nbsp;<\/p>\n<p>&nbsp;<\/p>\n<p>&nbsp;<\/p>\n<p>&nbsp;<\/p>\n<p>&nbsp;<\/p>\n<p>&nbsp;<\/p>\n<p>&nbsp;<\/p>\n<p>&nbsp;<\/p>\n<p>&nbsp;<\/p>\n<p>&nbsp;<\/p>\n<p>&nbsp;<\/p>\n","protected":false},"excerpt":{"rendered":"<p>Baixo de sopro pertenceu a m\u00fasicos da fam\u00edlia Bizzarro quando a banda ainda regida pelo compositor santa-ritense &nbsp; O Museu<\/p>\n","protected":false},"author":1,"featured_media":1874,"comment_status":"closed","ping_status":"open","sticky":false,"template":"","format":"standard","meta":{"footnotes":""},"categories":[46,52,60],"tags":[],"class_list":["post-1873","post","type-post","status-publish","format-standard","has-post-thumbnail","hentry","category-cultura","category-latest","category-turismo"],"_links":{"self":[{"href":"https:\/\/www.santaritadopassaquatro.sp.gov.br\/portal\/wp-json\/wp\/v2\/posts\/1873","targetHints":{"allow":["GET"]}}],"collection":[{"href":"https:\/\/www.santaritadopassaquatro.sp.gov.br\/portal\/wp-json\/wp\/v2\/posts"}],"about":[{"href":"https:\/\/www.santaritadopassaquatro.sp.gov.br\/portal\/wp-json\/wp\/v2\/types\/post"}],"author":[{"embeddable":true,"href":"https:\/\/www.santaritadopassaquatro.sp.gov.br\/portal\/wp-json\/wp\/v2\/users\/1"}],"replies":[{"embeddable":true,"href":"https:\/\/www.santaritadopassaquatro.sp.gov.br\/portal\/wp-json\/wp\/v2\/comments?post=1873"}],"version-history":[{"count":0,"href":"https:\/\/www.santaritadopassaquatro.sp.gov.br\/portal\/wp-json\/wp\/v2\/posts\/1873\/revisions"}],"wp:featuredmedia":[{"embeddable":true,"href":"https:\/\/www.santaritadopassaquatro.sp.gov.br\/portal\/wp-json\/wp\/v2\/media\/1874"}],"wp:attachment":[{"href":"https:\/\/www.santaritadopassaquatro.sp.gov.br\/portal\/wp-json\/wp\/v2\/media?parent=1873"}],"wp:term":[{"taxonomy":"category","embeddable":true,"href":"https:\/\/www.santaritadopassaquatro.sp.gov.br\/portal\/wp-json\/wp\/v2\/categories?post=1873"},{"taxonomy":"post_tag","embeddable":true,"href":"https:\/\/www.santaritadopassaquatro.sp.gov.br\/portal\/wp-json\/wp\/v2\/tags?post=1873"}],"curies":[{"name":"wp","href":"https:\/\/api.w.org\/{rel}","templated":true}]}}