{"id":1878,"date":"2019-07-26T14:32:10","date_gmt":"2019-07-26T17:32:10","guid":{"rendered":"http:\/\/www.santaritadopassaquatro.sp.gov.br\/portal\/?p=1878"},"modified":"2019-07-26T14:32:10","modified_gmt":"2019-07-26T17:32:10","slug":"prefeito-tem-agenda-em-sp-com-vice-governador-secretario-de-estado","status":"publish","type":"post","link":"https:\/\/www.santaritadopassaquatro.sp.gov.br\/portal\/prefeito-tem-agenda-em-sp-com-vice-governador-secretario-de-estado\/","title":{"rendered":"Prefeito tem agenda em SP com vice-governador secret\u00e1rio de Estado \u00a0"},"content":{"rendered":"<p><strong><em>Reuni\u00f5es na \u00faltima ter\u00e7a-feira, no Pal\u00e1cio dos Bandeirantes, tratou de recursos para munic\u00edpio e est\u00e2ncias e de investimentos em rodovias<\/em><\/strong><\/p>\n<p>&nbsp;<\/p>\n<figure id=\"attachment_1880\" aria-describedby=\"caption-attachment-1880\" style=\"width: 376px\" class=\"wp-caption alignleft\"><img decoding=\"async\" class=\"wp-image-1880\" src=\"http:\/\/www.santaritadopassaquatro.sp.gov.br\/portal\/wp-content\/uploads\/2019\/07\/Prefeito_vice_governador-300x146.jpeg\" alt=\"\" width=\"376\" height=\"183\" srcset=\"https:\/\/www.santaritadopassaquatro.sp.gov.br\/portal\/wp-content\/uploads\/2019\/07\/Prefeito_vice_governador-300x146.jpeg 300w, https:\/\/www.santaritadopassaquatro.sp.gov.br\/portal\/wp-content\/uploads\/2019\/07\/Prefeito_vice_governador-768x373.jpeg 768w, https:\/\/www.santaritadopassaquatro.sp.gov.br\/portal\/wp-content\/uploads\/2019\/07\/Prefeito_vice_governador-1024x498.jpeg 1024w, https:\/\/www.santaritadopassaquatro.sp.gov.br\/portal\/wp-content\/uploads\/2019\/07\/Prefeito_vice_governador.jpeg 1280w\" sizes=\"(max-width: 376px) 100vw, 376px\" \/><figcaption id=\"caption-attachment-1880\" class=\"wp-caption-text\"><span style=\"font-size: 8pt; color: #808080;\"><em><strong>Os prefeitos de Santa Rita, Holambra e Santa F\u00e9 com o vice-governador do Estado, esta semana em S\u00e3o Paulo (Divulga\u00e7\u00e3o)<\/strong><\/em><\/span><\/figcaption><\/figure>\n<p>O prefeito de Santa Rita do Passa Quatro, Leandro Luciano dos Santos, tem ampliado a cada sua rede de representatividade entre as figuras pol\u00edticas mais importantes do Estado de S\u00e3o Paulo, com agenda extensa agenda de compromissos na Capital, sempre em busca de benef\u00edcios para o munic\u00edpio e pelo desenvolvimento do turismo paulista.<\/p>\n<p>Na \u00faltima ter\u00e7a-feira, no Pal\u00e1cio dos Bandeirantes, sede do governo estadual, o prefeito esteve em reuni\u00f5es com o vice-governador rodrigo Garcia e com o secret\u00e1rio de Desenvolvimento Regional do Estado de S\u00e3o Paulo, Marco Vinholi.<\/p>\n<figure id=\"attachment_1879\" aria-describedby=\"caption-attachment-1879\" style=\"width: 414px\" class=\"wp-caption alignright\"><img decoding=\"async\" class=\"wp-image-1879 \" src=\"http:\/\/www.santaritadopassaquatro.sp.gov.br\/portal\/wp-content\/uploads\/2019\/07\/Prefeito_Vinholi-300x146.jpeg\" alt=\"\" width=\"414\" height=\"201\" srcset=\"https:\/\/www.santaritadopassaquatro.sp.gov.br\/portal\/wp-content\/uploads\/2019\/07\/Prefeito_Vinholi-300x146.jpeg 300w, https:\/\/www.santaritadopassaquatro.sp.gov.br\/portal\/wp-content\/uploads\/2019\/07\/Prefeito_Vinholi-768x373.jpeg 768w, https:\/\/www.santaritadopassaquatro.sp.gov.br\/portal\/wp-content\/uploads\/2019\/07\/Prefeito_Vinholi-1024x498.jpeg 1024w, https:\/\/www.santaritadopassaquatro.sp.gov.br\/portal\/wp-content\/uploads\/2019\/07\/Prefeito_Vinholi.jpeg 1280w\" sizes=\"(max-width: 414px) 100vw, 414px\" \/><figcaption id=\"caption-attachment-1879\" class=\"wp-caption-text\"><span style=\"font-size: 8pt; color: #999999;\"><em><strong>Os prefeitos de Santa Rita e Holambra com o Secret\u00e1rio de Desenvolvimento Regional, no Pal\u00e1cio dos Bandeirantes (Divulga\u00e7\u00e3o)<\/strong><\/em><\/span><\/figcaption><\/figure>\n<p>No primeiro encontro, acompanhado dos prefeitos de Holambra, Fernando Godoy, e de Santa F\u00e9 do Sul, Ademir Maschio, o prefeito conversou com Rodrigo Garcia, que al\u00e9m de vice-governador, tamb\u00e9m acumula o cargo de Secret\u00e1rio de Governo da gest\u00e3o Jo\u00e3o D\u00f3ria. Na pauta, foi tratado da libera\u00e7\u00e3o dos recursos do Dadetur (Departamento de Desenvolvimento e Apoio ao Munic\u00edpios Tur\u00edsticos) para todas as Est\u00e2ncias paulistas, inclusive Santa Rita. \u201cTratamos tamb\u00e9m de um assunto de grande import\u00e2ncia para o Estado que \u00e9 o desenvolvimento do Turismo Regional, que tem recebido grande aten\u00e7\u00e3o do atual governador, em busca de oportunidades, emprego e renda para a popula\u00e7\u00e3o\u201d, disse o prefeito.<\/p>\n<p>Na segunda reuni\u00e3o, acompanhado mais uma vez do prefeito de Holambra, o prefeito esteve com secret\u00e1rio de Desenvolvimento Regional do Estado de S\u00e3o Paulo, Marco Vinholi, que tamb\u00e9m \u00e9 presidente do PSDB paulista. Neste encontro o assunto foi o investimento rodovias do munic\u00edpio, importantes para desenvolvimento do turismo e tamb\u00e9m para escoamento da produ\u00e7\u00e3o local. A Rodovia Zequinha de Abreu, deverp\u00e1 receber investimentos da concession\u00e1ria que administra as estradas da regi\u00e3o, como implanta\u00e7\u00e3o de terceira faixa e recapeamento. J\u00e1 a Vicinal Luiz Pizetta, a estrada velha que liga Santa Rita a Porto Ferreira, o prefeito levou ao secret\u00e1rio uma demanda conjunta com o prefeito do munic\u00edpio vizinho, R\u00f4mulo Rippa, para melhorias e manuten\u00e7\u00e3o de toda sua extens\u00e3o.<\/p>\n<p>Na semana anterior, tamb\u00e9m na Secretaria de Desenvolvimento Regional, o prefeito recebeu a confirma\u00e7\u00e3o de R$ 700 mil em recusos para infraestrutura, como recapeamento de ruas, entre outros.<\/p>\n<p>&nbsp;<\/p>\n<p>&nbsp;<\/p>\n<p>&nbsp;<\/p>\n<p>&nbsp;<\/p>\n","protected":false},"excerpt":{"rendered":"<p>Reuni\u00f5es na \u00faltima ter\u00e7a-feira, no Pal\u00e1cio dos Bandeirantes, tratou de recursos para munic\u00edpio e est\u00e2ncias e de investimentos em rodovias<\/p>\n","protected":false},"author":1,"featured_media":1880,"comment_status":"closed","ping_status":"open","sticky":false,"template":"","format":"standard","meta":{"footnotes":""},"categories":[44,52,57,60],"tags":[],"class_list":["post-1878","post","type-post","status-publish","format-standard","has-post-thumbnail","hentry","category-cidades","category-latest","category-politics","category-turismo"],"_links":{"self":[{"href":"https:\/\/www.santaritadopassaquatro.sp.gov.br\/portal\/wp-json\/wp\/v2\/posts\/1878","targetHints":{"allow":["GET"]}}],"collection":[{"href":"https:\/\/www.santaritadopassaquatro.sp.gov.br\/portal\/wp-json\/wp\/v2\/posts"}],"about":[{"href":"https:\/\/www.santaritadopassaquatro.sp.gov.br\/portal\/wp-json\/wp\/v2\/types\/post"}],"author":[{"embeddable":true,"href":"https:\/\/www.santaritadopassaquatro.sp.gov.br\/portal\/wp-json\/wp\/v2\/users\/1"}],"replies":[{"embeddable":true,"href":"https:\/\/www.santaritadopassaquatro.sp.gov.br\/portal\/wp-json\/wp\/v2\/comments?post=1878"}],"version-history":[{"count":0,"href":"https:\/\/www.santaritadopassaquatro.sp.gov.br\/portal\/wp-json\/wp\/v2\/posts\/1878\/revisions"}],"wp:featuredmedia":[{"embeddable":true,"href":"https:\/\/www.santaritadopassaquatro.sp.gov.br\/portal\/wp-json\/wp\/v2\/media\/1880"}],"wp:attachment":[{"href":"https:\/\/www.santaritadopassaquatro.sp.gov.br\/portal\/wp-json\/wp\/v2\/media?parent=1878"}],"wp:term":[{"taxonomy":"category","embeddable":true,"href":"https:\/\/www.santaritadopassaquatro.sp.gov.br\/portal\/wp-json\/wp\/v2\/categories?post=1878"},{"taxonomy":"post_tag","embeddable":true,"href":"https:\/\/www.santaritadopassaquatro.sp.gov.br\/portal\/wp-json\/wp\/v2\/tags?post=1878"}],"curies":[{"name":"wp","href":"https:\/\/api.w.org\/{rel}","templated":true}]}}