{"id":1899,"date":"2019-08-02T14:44:01","date_gmt":"2019-08-02T17:44:01","guid":{"rendered":"http:\/\/www.santaritadopassaquatro.sp.gov.br\/portal\/?p=1899"},"modified":"2019-08-02T14:44:01","modified_gmt":"2019-08-02T17:44:01","slug":"biodiversidade-educacao-ambiental-e-sustentabilidade","status":"publish","type":"post","link":"https:\/\/www.santaritadopassaquatro.sp.gov.br\/portal\/biodiversidade-educacao-ambiental-e-sustentabilidade\/","title":{"rendered":"Biodiversidade, Educa\u00e7\u00e3o Ambiental e Sustentabilidade"},"content":{"rendered":"<p><strong><em>Coluna do Departamento Municipal de Meio Ambiente ir\u00e1 divulgar as atividades do setor e assuntos ligados a quest\u00e3o ambiental<\/em><\/strong><\/p>\n<p>&nbsp;<\/p>\n<p><img decoding=\"async\" class=\"alignnone size-medium wp-image-1900 alignleft\" src=\"http:\/\/www.santaritadopassaquatro.sp.gov.br\/portal\/wp-content\/uploads\/2019\/08\/Coluna-Meio-Ambiente-300x116.jpg\" alt=\"\" width=\"300\" height=\"116\" srcset=\"https:\/\/www.santaritadopassaquatro.sp.gov.br\/portal\/wp-content\/uploads\/2019\/08\/Coluna-Meio-Ambiente-300x116.jpg 300w, https:\/\/www.santaritadopassaquatro.sp.gov.br\/portal\/wp-content\/uploads\/2019\/08\/Coluna-Meio-Ambiente-768x297.jpg 768w, https:\/\/www.santaritadopassaquatro.sp.gov.br\/portal\/wp-content\/uploads\/2019\/08\/Coluna-Meio-Ambiente-1024x396.jpg 1024w\" sizes=\"(max-width: 300px) 100vw, 300px\" \/>A partir desta semana, o Departamento de Meio Ambiente da Prefeitura Municipal de Santa Rita do Passa Quatro ir\u00e1 divulgar semanalmente suas a\u00e7\u00f5es e assuntos de interesse ligados a quest\u00e3o ambiental. A primeira coluna tem como t\u00edtulo \u201cBiodiversidade, Educa\u00e7\u00e3o Ambiental e Sustentabilidade\u201d. Confira a seguir.<\/p>\n<p><em>Imersos em tantos problemas ditos \u201cmaiores\u201d provenientes das atuais crises que atravessamos, acabamos deixando as pautas ambientais em segundo plano. Porem com o passar do tempo, v\u00e3o-se as crises, amenizam-se os problemas financeiros e at\u00e9 os pol\u00edticos, e os passivos ambientais deixados para traz, perseguir\u00e3o at\u00e9 as futuras gera\u00e7\u00f5es, ocasionando crises muito mais dif\u00edceis de se atravessar. <\/em><\/p>\n<p><em>\u00a0\u00a0\u00a0\u00a0\u00a0\u00a0\u00a0\u00a0\u00a0\u00a0\u00a0 Os servi\u00e7os ambientais, prestados pela natureza como \u00e1gua, manuten\u00e7\u00e3o da temperatura, produtividade do solo, entre muitos outros, parecem n\u00e3o ter custo algum devido a suas atuais disponibilidades. Entretanto, devido \u00e0 condu\u00e7\u00e3o que vem sendo imposta pelo homem, esses recursos correm risco de se esgotar, e passadas as crises financeiras e pol\u00edticas, teremos em m\u00e3os novamente o dinheiro, por\u00e9m n\u00e3o teremos o que comprar, j\u00e1 que n\u00e3o estariam dispon\u00edveis \u00e1gua, solo, florestas e biodiversidade de qualidade.<\/em><\/p>\n<p><em>\u00a0\u00a0\u00a0\u00a0\u00a0\u00a0\u00a0\u00a0\u00a0\u00a0\u00a0 BIO = Vida <\/em><\/p>\n<p><em>\u00a0\u00a0\u00a0\u00a0\u00a0\u00a0\u00a0\u00a0\u00a0\u00a0\u00a0 Diversidade = Conjunto variado; multiplicidade\u00a0\u00a0\u00a0\u00a0\u00a0 <\/em><\/p>\n<p><em>Biodiversidade se trata dos conjuntos de diferentes esp\u00e9cies de seres vivos que habitam nosso planeta, e ela tem importante papel na manuten\u00e7\u00e3o dos ciclos terrestres, j\u00e1 que cada ser vivo \u00e9 respons\u00e1vel por manter a boa qualidade do local onde vive, e as rela\u00e7\u00f5es s\u00e3o t\u00e3o profundas que nenhuma fun\u00e7\u00e3o pode faltar sem que comprometa o TODO, como os dentes de uma engrenagem.\u00a0 <\/em><\/p>\n<p><em>Respeitar todas formas de vida, por mais simples que PARE\u00c7AM ser, \u00e9 necess\u00e1rio para a qualidade de vida de todas outras. A mesma formiga que corta as folhas de nossas plantas, faz ninhos no solo, melhora sua aera\u00e7\u00e3o e ajuda muito na renova\u00e7\u00e3o e ciclo dos nutrientes. A mesma aranha que pode oferecer riscos, pode ajudar no controle de baratas e outros insetos tamb\u00e9m nocivos \u00e0 sa\u00fade. Esses s\u00e3o exemplos simples da import\u00e2ncia das INCONT\u00c1VEIS rela\u00e7\u00f5es entre as esp\u00e9cies, e devemos respeitar e valorizar sua exist\u00eancia, tanto quanto a nossa.\u00a0 <\/em><\/p>\n<p><em>\u00a0\u00a0\u00a0\u00a0\u00a0\u00a0\u00a0\u00a0\u00a0\u00a0\u00a0 <\/em><\/p>\n<p>&nbsp;<\/p>\n<p>&nbsp;<\/p>\n","protected":false},"excerpt":{"rendered":"<p>Coluna do Departamento Municipal de Meio Ambiente ir\u00e1 divulgar as atividades do setor e assuntos ligados a quest\u00e3o ambiental &nbsp;<\/p>\n","protected":false},"author":1,"featured_media":1900,"comment_status":"closed","ping_status":"open","sticky":false,"template":"","format":"standard","meta":{"footnotes":""},"categories":[48,53],"tags":[],"class_list":["post-1899","post","type-post","status-publish","format-standard","has-post-thumbnail","hentry","category-featured","category-meio-ambiente"],"_links":{"self":[{"href":"https:\/\/www.santaritadopassaquatro.sp.gov.br\/portal\/wp-json\/wp\/v2\/posts\/1899","targetHints":{"allow":["GET"]}}],"collection":[{"href":"https:\/\/www.santaritadopassaquatro.sp.gov.br\/portal\/wp-json\/wp\/v2\/posts"}],"about":[{"href":"https:\/\/www.santaritadopassaquatro.sp.gov.br\/portal\/wp-json\/wp\/v2\/types\/post"}],"author":[{"embeddable":true,"href":"https:\/\/www.santaritadopassaquatro.sp.gov.br\/portal\/wp-json\/wp\/v2\/users\/1"}],"replies":[{"embeddable":true,"href":"https:\/\/www.santaritadopassaquatro.sp.gov.br\/portal\/wp-json\/wp\/v2\/comments?post=1899"}],"version-history":[{"count":0,"href":"https:\/\/www.santaritadopassaquatro.sp.gov.br\/portal\/wp-json\/wp\/v2\/posts\/1899\/revisions"}],"wp:featuredmedia":[{"embeddable":true,"href":"https:\/\/www.santaritadopassaquatro.sp.gov.br\/portal\/wp-json\/wp\/v2\/media\/1900"}],"wp:attachment":[{"href":"https:\/\/www.santaritadopassaquatro.sp.gov.br\/portal\/wp-json\/wp\/v2\/media?parent=1899"}],"wp:term":[{"taxonomy":"category","embeddable":true,"href":"https:\/\/www.santaritadopassaquatro.sp.gov.br\/portal\/wp-json\/wp\/v2\/categories?post=1899"},{"taxonomy":"post_tag","embeddable":true,"href":"https:\/\/www.santaritadopassaquatro.sp.gov.br\/portal\/wp-json\/wp\/v2\/tags?post=1899"}],"curies":[{"name":"wp","href":"https:\/\/api.w.org\/{rel}","templated":true}]}}