{"id":1902,"date":"2019-08-02T14:55:49","date_gmt":"2019-08-02T17:55:49","guid":{"rendered":"http:\/\/www.santaritadopassaquatro.sp.gov.br\/portal\/?p=1902"},"modified":"2019-08-02T14:55:49","modified_gmt":"2019-08-02T17:55:49","slug":"fundacao-florestal-promove-consulta-publica-nesta-segunda-feira","status":"publish","type":"post","link":"https:\/\/www.santaritadopassaquatro.sp.gov.br\/portal\/fundacao-florestal-promove-consulta-publica-nesta-segunda-feira\/","title":{"rendered":"Funda\u00e7\u00e3o Florestal promove consulta p\u00fablica nesta segunda-feira"},"content":{"rendered":"<p><strong><em>Popula\u00e7\u00e3o est\u00e1 convidada para discuss\u00e3o da Plano de Manejo do Parque Estadual de Vassununga<\/em><\/strong><\/p>\n<p>&nbsp;<\/p>\n<p><img decoding=\"async\" class=\"alignnone size-medium wp-image-1903 alignleft\" src=\"http:\/\/www.santaritadopassaquatro.sp.gov.br\/portal\/wp-content\/uploads\/2019\/08\/convite_parque-300x220.jpg\" alt=\"\" width=\"300\" height=\"220\" srcset=\"https:\/\/www.santaritadopassaquatro.sp.gov.br\/portal\/wp-content\/uploads\/2019\/08\/convite_parque-300x220.jpg 300w, https:\/\/www.santaritadopassaquatro.sp.gov.br\/portal\/wp-content\/uploads\/2019\/08\/convite_parque-768x563.jpg 768w, https:\/\/www.santaritadopassaquatro.sp.gov.br\/portal\/wp-content\/uploads\/2019\/08\/convite_parque-1024x751.jpg 1024w, https:\/\/www.santaritadopassaquatro.sp.gov.br\/portal\/wp-content\/uploads\/2019\/08\/convite_parque.jpg 1551w\" sizes=\"(max-width: 300px) 100vw, 300px\" \/>A Funda\u00e7\u00e3o Para a Conserva\u00e7\u00e3o e a Produ\u00e7\u00e3o Florestal do Estado de S\u00e3o Paulo (Funda\u00e7\u00e3o Florestal) promove nesta segunda-feira (5\/8) uma consulta p\u00fablica para discuss\u00e3o da proposta de Plano de Manejo do Parque Estadual de Vassununga, Etapa de Programas de Gest\u00e3o.<\/p>\n<p>A Funda\u00e7\u00e3o est\u00e1 convidando \u00f3rg\u00e3os ambientais, entidades p\u00fablicas federais, estaduais e municipais, organiza\u00e7\u00f5es n\u00e3o governamentais, propriet\u00e1rios de terras, representantes dos setores produtivos e a comunidade em geral para participarem do evento que acontece das 9h30 \u00e0s 15h30, no Centro Cultural Mario Covas.<\/p>\n<p>A Consulta P\u00fablica tem como objetivo ampliar as discuss\u00f5es sobre o Plano de Manejo e possibilitar a coleta de contribui\u00e7\u00f5es dos cidad\u00e3os para subsidiar a tomada de decis\u00f5es da Funda\u00e7\u00e3o Florestal acerca do Diagn\u00f3stico, Zoneamento e Programas que definem as normas e diretrizes do Plano de Manejo da PE de Vassununga.<\/p>\n<p>O processo de Consulta P\u00fablica e as contribui\u00e7\u00f5es poder\u00e3o ser realizadas durante os Encontros que acontecer\u00e3o no espa\u00e7o das reuni\u00f5es do Conselho Gestor da Unidade de Conserva\u00e7\u00e3o e, tamb\u00e9m, por meio de formul\u00e1rio eletr\u00f4nico, o qual ficar\u00e1 dispon\u00edvel at\u00e9 o final do Processo.<\/p>\n<p>J\u00e1 foram realizados dois encontros no Conselho Gestor, o primeiro com o tema Retomada da elabora\u00e7\u00e3o do Plano de Manejo, realizada no \u00faltimo dia 6 de junho. Em seguida aconteceu a Etapa de Zoneamento, no dia 27 de junho, ambas no Parque Vassununga. O pr\u00f3ximo encontro, a Etapa Devolutiva e Manifesta\u00e7\u00e3o do Conselho, acontece em data e local a serem definidos.<\/p>\n","protected":false},"excerpt":{"rendered":"<p>Popula\u00e7\u00e3o est\u00e1 convidada para discuss\u00e3o da Plano de Manejo do Parque Estadual de Vassununga &nbsp; A Funda\u00e7\u00e3o Para a Conserva\u00e7\u00e3o<\/p>\n","protected":false},"author":1,"featured_media":1903,"comment_status":"closed","ping_status":"open","sticky":false,"template":"","format":"standard","meta":{"footnotes":""},"categories":[48,53],"tags":[],"class_list":["post-1902","post","type-post","status-publish","format-standard","has-post-thumbnail","hentry","category-featured","category-meio-ambiente"],"_links":{"self":[{"href":"https:\/\/www.santaritadopassaquatro.sp.gov.br\/portal\/wp-json\/wp\/v2\/posts\/1902","targetHints":{"allow":["GET"]}}],"collection":[{"href":"https:\/\/www.santaritadopassaquatro.sp.gov.br\/portal\/wp-json\/wp\/v2\/posts"}],"about":[{"href":"https:\/\/www.santaritadopassaquatro.sp.gov.br\/portal\/wp-json\/wp\/v2\/types\/post"}],"author":[{"embeddable":true,"href":"https:\/\/www.santaritadopassaquatro.sp.gov.br\/portal\/wp-json\/wp\/v2\/users\/1"}],"replies":[{"embeddable":true,"href":"https:\/\/www.santaritadopassaquatro.sp.gov.br\/portal\/wp-json\/wp\/v2\/comments?post=1902"}],"version-history":[{"count":0,"href":"https:\/\/www.santaritadopassaquatro.sp.gov.br\/portal\/wp-json\/wp\/v2\/posts\/1902\/revisions"}],"wp:featuredmedia":[{"embeddable":true,"href":"https:\/\/www.santaritadopassaquatro.sp.gov.br\/portal\/wp-json\/wp\/v2\/media\/1903"}],"wp:attachment":[{"href":"https:\/\/www.santaritadopassaquatro.sp.gov.br\/portal\/wp-json\/wp\/v2\/media?parent=1902"}],"wp:term":[{"taxonomy":"category","embeddable":true,"href":"https:\/\/www.santaritadopassaquatro.sp.gov.br\/portal\/wp-json\/wp\/v2\/categories?post=1902"},{"taxonomy":"post_tag","embeddable":true,"href":"https:\/\/www.santaritadopassaquatro.sp.gov.br\/portal\/wp-json\/wp\/v2\/tags?post=1902"}],"curies":[{"name":"wp","href":"https:\/\/api.w.org\/{rel}","templated":true}]}}