{"id":1908,"date":"2019-08-02T14:59:29","date_gmt":"2019-08-02T17:59:29","guid":{"rendered":"http:\/\/www.santaritadopassaquatro.sp.gov.br\/portal\/?p=1908"},"modified":"2019-08-02T14:59:29","modified_gmt":"2019-08-02T17:59:29","slug":"teatro-do-espaco-nucleo-magico-de-oz-sera-apresentado-no-proximo-sabado","status":"publish","type":"post","link":"https:\/\/www.santaritadopassaquatro.sp.gov.br\/portal\/teatro-do-espaco-nucleo-magico-de-oz-sera-apresentado-no-proximo-sabado\/","title":{"rendered":"TEATRO:\u00a0Do Espa\u00e7o N\u00facleo, \u201cM\u00e1gico de Oz\u201d ser\u00e1 apresentado no pr\u00f3ximo s\u00e1bado"},"content":{"rendered":"<p><strong><em>Promo\u00e7\u00e3o do Departamento de Cultura e Turismo, espet\u00e1culo acontece no Centro Cultural Mario Covas, com entrada gratuita <\/em><\/strong><\/p>\n<p>&nbsp;<\/p>\n<figure id=\"attachment_1858\" aria-describedby=\"caption-attachment-1858\" style=\"width: 300px\" class=\"wp-caption alignleft\"><img decoding=\"async\" class=\"wp-image-1858 size-medium\" src=\"http:\/\/www.santaritadopassaquatro.sp.gov.br\/portal\/wp-content\/uploads\/2019\/07\/Magico_Oz_01-300x227.jpg\" alt=\"\" width=\"300\" height=\"227\" srcset=\"https:\/\/www.santaritadopassaquatro.sp.gov.br\/portal\/wp-content\/uploads\/2019\/07\/Magico_Oz_01-300x227.jpg 300w, https:\/\/www.santaritadopassaquatro.sp.gov.br\/portal\/wp-content\/uploads\/2019\/07\/Magico_Oz_01-768x581.jpg 768w, https:\/\/www.santaritadopassaquatro.sp.gov.br\/portal\/wp-content\/uploads\/2019\/07\/Magico_Oz_01-1024x774.jpg 1024w, https:\/\/www.santaritadopassaquatro.sp.gov.br\/portal\/wp-content\/uploads\/2019\/07\/Magico_Oz_01.jpg 1772w\" sizes=\"(max-width: 300px) 100vw, 300px\" \/><figcaption id=\"caption-attachment-1858\" class=\"wp-caption-text\"><span style=\"font-size: 8pt; color: #999999;\"><em><strong>Cena de Magico Oz, do Espa\u00e7o N\u00facleo, que ser\u00e1 apresentado em Santa Rita, no pr\u00f3ximo m\u00eas (Divulga\u00e7\u00e3o)<\/strong><\/em><\/span><\/figcaption><\/figure>\n<p>O Espa\u00e7o N\u00facleo estar\u00e1 em Santa Rita do Passa Quatro com mais um espet\u00e1culo teatral. No pr\u00f3ximo s\u00e1bado (10\/8), a pe\u00e7a \u201cO M\u00e1gico De Oz\u201d, um verdadeiro cl\u00e1ssico infanto-juvenil, ser\u00e1 apresentada no Centro Cultural M\u00e1rio Covas, \u00e0 partir das 19h30.<\/p>\n<p>Promovido pela Departamento de Cultura e Turismo, da Prefeitura Municipal, como parte do calend\u00e1rio de atra\u00e7\u00f5es o m\u00eas de agosto, o espet\u00e1culo traz Dorothy e seu c\u00e3ozinho Tot\u00f3, que s\u00e3o levados para a terra m\u00e1gica de Oz, quando um ciclone passa pela fazenda de seus av\u00f3s no Kansas. Eles viajam em dire\u00e7\u00e3o \u00e0 Cidade das Esmeraldas para encontrar o M\u00e1gico de Oz e no caminho encontram um Espantalho, que precisa de um c\u00e9rebro, um Homem de Lata sem um cora\u00e7\u00e3o e um Le\u00e3o Covarde. Juntos v\u00e3o atr\u00e1s dos seus sonhos, sempre fugindo da Bruxa M\u00e1, uma grande aventura repleta de m\u00fasica, dan\u00e7a e efeitos especiais.<\/p>\n<p>A entrada gratuita e o p\u00fablico dever\u00e1 retirar seus ingressos no Departamento Municipal Cultura, que fica no Museu Zequinha de Abreu (Pra\u00e7a Mario Mattoso), de segunda a sexta-feira, das 8h \u00e0s 11h e das 13h \u00e0s 17 horas.<\/p>\n<p>O grupo teatral Espa\u00e7o N\u00facleo, de Limeira, j\u00e1 esteve em Santa Rita com tr\u00eas espet\u00e1culos. \u00a0Em 2018, foram apresentadas as pe\u00e7as \u201cCaravela da Ilus\u00e3o\u201d, em maio, e \u201cJo\u00e3o e o P\u00e9 de Feij\u00e3o\u201d, em outubro.\u00a0 E este ano, em junho, aconteceu e espet\u00e1culo Peter Pan. Todas com atra\u00e7\u00f5es com grande participa\u00e7\u00e3o do p\u00fablico.<\/p>\n<p>&nbsp;<\/p>\n<p>&nbsp;<\/p>\n<p><strong>\u00a0<\/strong><\/p>\n<p><strong>\u00a0<\/strong><\/p>\n<p>&nbsp;<\/p>\n<p>&nbsp;<\/p>\n<p>&nbsp;<\/p>\n<p>&nbsp;<\/p>\n<p>&nbsp;<\/p>\n<p>&nbsp;<\/p>\n<p>&nbsp;<\/p>\n<p>&nbsp;<\/p>\n<p>&nbsp;<\/p>\n<p>&nbsp;<\/p>\n<p>&nbsp;<\/p>\n<p>&nbsp;<\/p>\n<p>&nbsp;<\/p>\n<p>&nbsp;<\/p>\n<p>&nbsp;<\/p>\n<p>&nbsp;<\/p>\n<p>&nbsp;<\/p>\n<p>&nbsp;<\/p>\n<p>&nbsp;<\/p>\n","protected":false},"excerpt":{"rendered":"<p>Promo\u00e7\u00e3o do Departamento de Cultura e Turismo, espet\u00e1culo acontece no Centro Cultural Mario Covas, com entrada gratuita &nbsp; O Espa\u00e7o<\/p>\n","protected":false},"author":1,"featured_media":1857,"comment_status":"closed","ping_status":"open","sticky":false,"template":"","format":"standard","meta":{"footnotes":""},"categories":[46],"tags":[],"class_list":["post-1908","post","type-post","status-publish","format-standard","has-post-thumbnail","hentry","category-cultura"],"_links":{"self":[{"href":"https:\/\/www.santaritadopassaquatro.sp.gov.br\/portal\/wp-json\/wp\/v2\/posts\/1908","targetHints":{"allow":["GET"]}}],"collection":[{"href":"https:\/\/www.santaritadopassaquatro.sp.gov.br\/portal\/wp-json\/wp\/v2\/posts"}],"about":[{"href":"https:\/\/www.santaritadopassaquatro.sp.gov.br\/portal\/wp-json\/wp\/v2\/types\/post"}],"author":[{"embeddable":true,"href":"https:\/\/www.santaritadopassaquatro.sp.gov.br\/portal\/wp-json\/wp\/v2\/users\/1"}],"replies":[{"embeddable":true,"href":"https:\/\/www.santaritadopassaquatro.sp.gov.br\/portal\/wp-json\/wp\/v2\/comments?post=1908"}],"version-history":[{"count":0,"href":"https:\/\/www.santaritadopassaquatro.sp.gov.br\/portal\/wp-json\/wp\/v2\/posts\/1908\/revisions"}],"wp:featuredmedia":[{"embeddable":true,"href":"https:\/\/www.santaritadopassaquatro.sp.gov.br\/portal\/wp-json\/wp\/v2\/media\/1857"}],"wp:attachment":[{"href":"https:\/\/www.santaritadopassaquatro.sp.gov.br\/portal\/wp-json\/wp\/v2\/media?parent=1908"}],"wp:term":[{"taxonomy":"category","embeddable":true,"href":"https:\/\/www.santaritadopassaquatro.sp.gov.br\/portal\/wp-json\/wp\/v2\/categories?post=1908"},{"taxonomy":"post_tag","embeddable":true,"href":"https:\/\/www.santaritadopassaquatro.sp.gov.br\/portal\/wp-json\/wp\/v2\/tags?post=1908"}],"curies":[{"name":"wp","href":"https:\/\/api.w.org\/{rel}","templated":true}]}}