{"id":1919,"date":"2019-08-02T15:09:24","date_gmt":"2019-08-02T18:09:24","guid":{"rendered":"http:\/\/www.santaritadopassaquatro.sp.gov.br\/portal\/?p=1919"},"modified":"2019-08-02T15:09:24","modified_gmt":"2019-08-02T18:09:24","slug":"com-chorinho-e-presenca-da-neta-comeca-a-exposicao-sobre-zequinha-de-abreu","status":"publish","type":"post","link":"https:\/\/www.santaritadopassaquatro.sp.gov.br\/portal\/com-chorinho-e-presenca-da-neta-comeca-a-exposicao-sobre-zequinha-de-abreu\/","title":{"rendered":"Com chorinho e presen\u00e7a da neta, come\u00e7a a exposi\u00e7\u00e3o sobre Zequinha de Abreu"},"content":{"rendered":"<p><strong><em>Mostra de longa perman\u00eancia, com incentivo do ProAc, aborda a obra do compositor santa-ritense <\/em><\/strong><\/p>\n<p><strong>\u00a0<\/strong><\/p>\n<figure id=\"attachment_1921\" aria-describedby=\"caption-attachment-1921\" style=\"width: 300px\" class=\"wp-caption alignleft\"><img decoding=\"async\" class=\"wp-image-1921 size-medium\" src=\"http:\/\/www.santaritadopassaquatro.sp.gov.br\/portal\/wp-content\/uploads\/2019\/08\/Expo_zequinha_abertura_foto01-300x200.jpg\" alt=\"\" width=\"300\" height=\"200\" srcset=\"https:\/\/www.santaritadopassaquatro.sp.gov.br\/portal\/wp-content\/uploads\/2019\/08\/Expo_zequinha_abertura_foto01-300x200.jpg 300w, https:\/\/www.santaritadopassaquatro.sp.gov.br\/portal\/wp-content\/uploads\/2019\/08\/Expo_zequinha_abertura_foto01-768x512.jpg 768w, https:\/\/www.santaritadopassaquatro.sp.gov.br\/portal\/wp-content\/uploads\/2019\/08\/Expo_zequinha_abertura_foto01-1024x683.jpg 1024w\" sizes=\"(max-width: 300px) 100vw, 300px\" \/><figcaption id=\"caption-attachment-1921\" class=\"wp-caption-text\"><span style=\"font-size: 8pt; color: #999999;\"><em><strong>Autoridades, a neta do compositor e a curadora da exposi\u00e7\u00e3o \u201cZequinha de Abreu: da \u200bFlor da Estrada ao \u200bTico-tico \u200bno Fub\u00e1\u201d \u00a0(AssCom\/Divulga\u00e7\u00e3o)<\/strong><\/em><\/span><\/figcaption><\/figure>\n<p>Come\u00e7ou na sexta-feira, (26\/7), em Santa Rita do Passa Quatro, a exposi\u00e7\u00e3o \u201cZequinha de Abreu: da \u200bFlor da Estrada ao \u200bTico-tico \u200bno Fub\u00e1\u201d, sobre o compositor santa-ritense, autor da m\u00fasica brasileira mais executada no mundo.<\/p>\n<p>A abertura reuniu a ilustre presen\u00e7a da neta de Zequinha de Abreu, Marise de Abreu Magioni, do prefeito municipal Leandro Luciano dos Santos e da vice-prefeita Maria Rita Mondin de Oliveira, entre outras autoridades. Na solenidade, no Museu Zequinha de Abreu, contou tamb\u00e9m com a apresenta\u00e7\u00e3o do grupo musical Choro da Casa, de Ribeir\u00e3o Preto.<\/p>\n<p>Sob coordena\u00e7\u00e3o e curadoria da historiadora Vanessa Martins Dias, especialista em museografia e patrim\u00f4nio cultural, com pesquisa do historiador Eduardo Toratti e apoio da arquiteta D\u00e9bora de Almeida Nogueira, a exposi\u00e7\u00e3o mostra a hist\u00f3ria da m\u00fasica popular brasileira, do r\u00e1dio e do cinema nas primeiras d\u00e9cadas do s\u00e9culo 20, permeada por toda a vida e obra do compositor e m\u00fasico nascido em Santa Rita, em 1880.<\/p>\n<figure id=\"attachment_1920\" aria-describedby=\"caption-attachment-1920\" style=\"width: 300px\" class=\"wp-caption alignright\"><img decoding=\"async\" class=\"wp-image-1920 size-medium\" src=\"http:\/\/www.santaritadopassaquatro.sp.gov.br\/portal\/wp-content\/uploads\/2019\/08\/Expo_zequinha_abertura_foto02-300x200.jpg\" alt=\"\" width=\"300\" height=\"200\" srcset=\"https:\/\/www.santaritadopassaquatro.sp.gov.br\/portal\/wp-content\/uploads\/2019\/08\/Expo_zequinha_abertura_foto02-300x200.jpg 300w, https:\/\/www.santaritadopassaquatro.sp.gov.br\/portal\/wp-content\/uploads\/2019\/08\/Expo_zequinha_abertura_foto02-768x512.jpg 768w, https:\/\/www.santaritadopassaquatro.sp.gov.br\/portal\/wp-content\/uploads\/2019\/08\/Expo_zequinha_abertura_foto02-1024x683.jpg 1024w\" sizes=\"(max-width: 300px) 100vw, 300px\" \/><figcaption id=\"caption-attachment-1920\" class=\"wp-caption-text\"><span style=\"font-size: 8pt; color: #999999;\"><em><strong>P\u00fablico durante apresenta\u00e7\u00e3o do grupo Chora da Casa, durante a solenidade de abertura da exposi\u00e7\u00e3o (AssCom\/Divulga\u00e7\u00e3o)<\/strong><\/em><\/span><\/figcaption><\/figure>\n<p>Promovida com recursos do Programa de A\u00e7\u00e3o Cultural (ProAc), atrav\u00e9s do Edital N\u00ba 17\/\/2018 para Concurso de Apoio a Projetos de Difus\u00e3o de Acervos Museol\u00f3gicos no Estado de S\u00e3o Paulo, a mostra de longa dura\u00e7\u00e3o tem apoio do Departamento de Cultura e Turismo, da Prefeitura Municipal.<\/p>\n<p>A exposi\u00e7\u00e3o tem dois m\u00f3dulos, nos quais a carreira de Zequinha de Abreu \u00e9 apresentada em dois momentos, a inicia\u00e7\u00e3o musical e primeiras composi\u00e7\u00f5es ainda em sua cidade natal, e sua carreira e obra em S\u00e3o Paulo, al\u00e9m da difus\u00e3o da m\u00fasica \u201cTico-tico no Fub\u00e1\u201d no Brasil e no cinema norte americano.<\/p>\n<p>De acordo com o projeto, o objetivo da exposi\u00e7\u00e3o \u00e9 buscar diversifica\u00e7\u00e3o e amplia\u00e7\u00e3o do p\u00fablico, desde estudantes at\u00e9 a terceira idade, inclusive com recursos de acessibilidade, para pessoas com defici\u00eancia.\u00a0 Com a exposi\u00e7\u00e3o ser\u00e1 poss\u00edvel fomentar a difus\u00e3o do acervo museol\u00f3gico, uma vez que possibilitar\u00e1 a valoriza\u00e7\u00e3o da mem\u00f3ria local e a preserva\u00e7\u00e3o da cultura imaterial.<\/p>\n<p>A exposi\u00e7\u00e3o est\u00e1 aberta ao p\u00fablico de segunda \u00e0 sexta-feira, das 9h \u00e0s 11h e das 13h \u00e0s 16 horas, e aos s\u00e1bados e domingos das 9h \u00e0s 12 horas.<\/p>\n<p>&nbsp;<\/p>\n<p>&nbsp;<\/p>\n<p>&nbsp;<\/p>\n<p>&nbsp;<\/p>\n<p>&nbsp;<\/p>\n<p>&nbsp;<\/p>\n<p>&nbsp;<\/p>\n<p>&nbsp;<\/p>\n<p>&nbsp;<\/p>\n<p>&nbsp;<\/p>\n<p>&nbsp;<\/p>\n<p>&nbsp;<\/p>\n<p>&nbsp;<\/p>\n<p>&nbsp;<\/p>\n<p>&nbsp;<\/p>\n<p>&nbsp;<\/p>\n<p>&nbsp;<\/p>\n<p>&nbsp;<\/p>\n<p>&nbsp;<\/p>\n<p>&nbsp;<\/p>\n","protected":false},"excerpt":{"rendered":"<p>Mostra de longa perman\u00eancia, com incentivo do ProAc, aborda a obra do compositor santa-ritense \u00a0 Come\u00e7ou na sexta-feira, (26\/7), em<\/p>\n","protected":false},"author":1,"featured_media":1921,"comment_status":"closed","ping_status":"open","sticky":false,"template":"","format":"standard","meta":{"footnotes":""},"categories":[46,52,60],"tags":[],"class_list":["post-1919","post","type-post","status-publish","format-standard","has-post-thumbnail","hentry","category-cultura","category-latest","category-turismo"],"_links":{"self":[{"href":"https:\/\/www.santaritadopassaquatro.sp.gov.br\/portal\/wp-json\/wp\/v2\/posts\/1919","targetHints":{"allow":["GET"]}}],"collection":[{"href":"https:\/\/www.santaritadopassaquatro.sp.gov.br\/portal\/wp-json\/wp\/v2\/posts"}],"about":[{"href":"https:\/\/www.santaritadopassaquatro.sp.gov.br\/portal\/wp-json\/wp\/v2\/types\/post"}],"author":[{"embeddable":true,"href":"https:\/\/www.santaritadopassaquatro.sp.gov.br\/portal\/wp-json\/wp\/v2\/users\/1"}],"replies":[{"embeddable":true,"href":"https:\/\/www.santaritadopassaquatro.sp.gov.br\/portal\/wp-json\/wp\/v2\/comments?post=1919"}],"version-history":[{"count":0,"href":"https:\/\/www.santaritadopassaquatro.sp.gov.br\/portal\/wp-json\/wp\/v2\/posts\/1919\/revisions"}],"wp:featuredmedia":[{"embeddable":true,"href":"https:\/\/www.santaritadopassaquatro.sp.gov.br\/portal\/wp-json\/wp\/v2\/media\/1921"}],"wp:attachment":[{"href":"https:\/\/www.santaritadopassaquatro.sp.gov.br\/portal\/wp-json\/wp\/v2\/media?parent=1919"}],"wp:term":[{"taxonomy":"category","embeddable":true,"href":"https:\/\/www.santaritadopassaquatro.sp.gov.br\/portal\/wp-json\/wp\/v2\/categories?post=1919"},{"taxonomy":"post_tag","embeddable":true,"href":"https:\/\/www.santaritadopassaquatro.sp.gov.br\/portal\/wp-json\/wp\/v2\/tags?post=1919"}],"curies":[{"name":"wp","href":"https:\/\/api.w.org\/{rel}","templated":true}]}}