{"id":1927,"date":"2019-08-02T15:22:57","date_gmt":"2019-08-02T18:22:57","guid":{"rendered":"http:\/\/www.santaritadopassaquatro.sp.gov.br\/portal\/?p=1927"},"modified":"2019-08-02T15:22:57","modified_gmt":"2019-08-02T18:22:57","slug":"em-mais-uma-reuniao-de-diretoria-aprecesp-discute-turismo-na-america-do-sul","status":"publish","type":"post","link":"https:\/\/www.santaritadopassaquatro.sp.gov.br\/portal\/em-mais-uma-reuniao-de-diretoria-aprecesp-discute-turismo-na-america-do-sul\/","title":{"rendered":"Em mais uma reuni\u00e3o de diretoria, Aprecesp discute turismo na Am\u00e9rica do Sul"},"content":{"rendered":"<p><strong><em>Presidida pelo prefeito Leandro Luciano dos Santos, reuni\u00e3o aconteceu nesta quarta-feira, na sede da entidade <\/em><\/strong><\/p>\n<p>&nbsp;<\/p>\n<figure id=\"attachment_1929\" aria-describedby=\"caption-attachment-1929\" style=\"width: 300px\" class=\"wp-caption alignleft\"><img decoding=\"async\" class=\"wp-image-1929 size-medium\" src=\"http:\/\/www.santaritadopassaquatro.sp.gov.br\/portal\/wp-content\/uploads\/2019\/08\/reunia_aprecesp_31julho-300x195.jpeg\" alt=\"\" width=\"300\" height=\"195\" srcset=\"https:\/\/www.santaritadopassaquatro.sp.gov.br\/portal\/wp-content\/uploads\/2019\/08\/reunia_aprecesp_31julho-300x195.jpeg 300w, https:\/\/www.santaritadopassaquatro.sp.gov.br\/portal\/wp-content\/uploads\/2019\/08\/reunia_aprecesp_31julho-768x498.jpeg 768w, https:\/\/www.santaritadopassaquatro.sp.gov.br\/portal\/wp-content\/uploads\/2019\/08\/reunia_aprecesp_31julho.jpeg 1024w\" sizes=\"(max-width: 300px) 100vw, 300px\" \/><figcaption id=\"caption-attachment-1929\" class=\"wp-caption-text\"><span style=\"font-size: 8pt; color: #999999;\"><em><strong>O prefeito de Santa Rita junto a diretoria da Aprecesp durante reuni\u00e3o nesta quarta-feira (Divulga\u00e7\u00e3o)<\/strong><\/em><\/span><\/figcaption><\/figure>\n<p>Esta semana prefeito de Santa Rita do Passa Quatro, Leandro Luciano dos Santos, presidente da Aprecesp (Associa\u00e7\u00e3o das Prefeituras das Cidades Est\u00e2ncias do Estado de S\u00e3o Paulo) comandou mais uma reuni\u00e3o de diretoria da entidade, em S\u00e3o Paulo.<\/p>\n<p>Na pauta do encontro foram tratados assuntos como a libera\u00e7\u00e3o se recursos do Dadetur (Departamento de Apoio e Desenvolvimento dos Munic\u00edpios Tur\u00edsticos), \u00f3rg\u00e3o da Secretaria de Estado do Turismo, al\u00e9m de futuras parcerias com outros pa\u00edses da Am\u00e9rica do Sul e com companhias a\u00e9reas, especialmente do Chile, visando o interc\u00e2mbio tur\u00edstico entre os dois pa\u00edses, com \u00eanfase no atrativos no Estado de S\u00e3o Paulo.<\/p>\n<p><img decoding=\"async\" class=\"alignnone size-medium wp-image-1928 alignright\" src=\"http:\/\/www.santaritadopassaquatro.sp.gov.br\/portal\/wp-content\/uploads\/2019\/08\/reunia_aprecesp_31julho_1-300x225.jpeg\" alt=\"\" width=\"300\" height=\"225\" srcset=\"https:\/\/www.santaritadopassaquatro.sp.gov.br\/portal\/wp-content\/uploads\/2019\/08\/reunia_aprecesp_31julho_1-300x225.jpeg 300w, https:\/\/www.santaritadopassaquatro.sp.gov.br\/portal\/wp-content\/uploads\/2019\/08\/reunia_aprecesp_31julho_1-768x576.jpeg 768w, https:\/\/www.santaritadopassaquatro.sp.gov.br\/portal\/wp-content\/uploads\/2019\/08\/reunia_aprecesp_31julho_1.jpeg 1024w\" sizes=\"(max-width: 300px) 100vw, 300px\" \/>A Aprecesp \u00e9 uma entidade que representa as 70 est\u00e2ncias paulistas. Al\u00e9m do prefeito santa-ritense, a diretoria da entidade conta com Gabriel dos Santos Oliveira Rosa prefeito de Canan\u00e9ia, vice-presidente; Marco Ant\u00f4nio de Oliveira, prefeito de Morungaba, 2\u00ba vice-presidente; os secret\u00e1rios Edson Rodrigo de Oliveira Cunha (Monte Alegre do Sul);\u00a0 Fernando Fiori de Godoi (Holambra) e Andr\u00e9 Eduardo Bozola de Souza Pinto (Socorro), e os tesoureiros Marco Aur\u00e9lio Gomes dos Santos (Itanha\u00e9m), Frederico Guidoni Sacranello (Campos do Jord\u00e3o) e Ademir Maschio (Santa F\u00e9 do Sul).<\/p>\n<p>&nbsp;<\/p>\n<p>&nbsp;<\/p>\n<p><em>\u00a0<\/em><\/p>\n<p>&nbsp;<\/p>\n","protected":false},"excerpt":{"rendered":"<p>Presidida pelo prefeito Leandro Luciano dos Santos, reuni\u00e3o aconteceu nesta quarta-feira, na sede da entidade &nbsp; Esta semana prefeito de<\/p>\n","protected":false},"author":1,"featured_media":1928,"comment_status":"closed","ping_status":"open","sticky":false,"template":"","format":"standard","meta":{"footnotes":""},"categories":[44,52,60],"tags":[],"class_list":["post-1927","post","type-post","status-publish","format-standard","has-post-thumbnail","hentry","category-cidades","category-latest","category-turismo"],"_links":{"self":[{"href":"https:\/\/www.santaritadopassaquatro.sp.gov.br\/portal\/wp-json\/wp\/v2\/posts\/1927","targetHints":{"allow":["GET"]}}],"collection":[{"href":"https:\/\/www.santaritadopassaquatro.sp.gov.br\/portal\/wp-json\/wp\/v2\/posts"}],"about":[{"href":"https:\/\/www.santaritadopassaquatro.sp.gov.br\/portal\/wp-json\/wp\/v2\/types\/post"}],"author":[{"embeddable":true,"href":"https:\/\/www.santaritadopassaquatro.sp.gov.br\/portal\/wp-json\/wp\/v2\/users\/1"}],"replies":[{"embeddable":true,"href":"https:\/\/www.santaritadopassaquatro.sp.gov.br\/portal\/wp-json\/wp\/v2\/comments?post=1927"}],"version-history":[{"count":0,"href":"https:\/\/www.santaritadopassaquatro.sp.gov.br\/portal\/wp-json\/wp\/v2\/posts\/1927\/revisions"}],"wp:featuredmedia":[{"embeddable":true,"href":"https:\/\/www.santaritadopassaquatro.sp.gov.br\/portal\/wp-json\/wp\/v2\/media\/1928"}],"wp:attachment":[{"href":"https:\/\/www.santaritadopassaquatro.sp.gov.br\/portal\/wp-json\/wp\/v2\/media?parent=1927"}],"wp:term":[{"taxonomy":"category","embeddable":true,"href":"https:\/\/www.santaritadopassaquatro.sp.gov.br\/portal\/wp-json\/wp\/v2\/categories?post=1927"},{"taxonomy":"post_tag","embeddable":true,"href":"https:\/\/www.santaritadopassaquatro.sp.gov.br\/portal\/wp-json\/wp\/v2\/tags?post=1927"}],"curies":[{"name":"wp","href":"https:\/\/api.w.org\/{rel}","templated":true}]}}