{"id":1934,"date":"2019-08-05T11:12:52","date_gmt":"2019-08-05T14:12:52","guid":{"rendered":"http:\/\/www.santaritadopassaquatro.sp.gov.br\/portal\/?p=1934"},"modified":"2019-08-13T09:13:18","modified_gmt":"2019-08-13T12:13:18","slug":"alimentacao-escolar-cardapio-junho-2019","status":"publish","type":"post","link":"https:\/\/www.santaritadopassaquatro.sp.gov.br\/portal\/alimentacao-escolar-cardapio-junho-2019\/","title":{"rendered":"ALIMENTA\u00c7\u00c3O ESCOLAR &#8211;\u00a0CARD\u00c1PIO AGOSTO 2019"},"content":{"rendered":"<p>(EMEI, ENSINO FUNDAMENTAL E ENSINO M\u00c9DIO)<\/p>\n<p><strong>\u00a0<\/strong><\/p>\n<p><strong>Quinta-feira &#8211; 1 de agosto:<br \/>\n<\/strong>Arroz, feijoada e farofa primavera.<\/p>\n<p><strong>Sexta-feira &#8211; 2 de agosto:<br \/>\n<\/strong>Macarr\u00e3o ao molho e lingui\u00e7a toscana.<\/p>\n<p>&nbsp;<\/p>\n<p><strong>Segunda-feira &#8211; 5 de agosto:<br \/>\n<\/strong>Arroz, feij\u00e3o e strogonoff de carne em tiras.<\/p>\n<p><strong>Ter\u00e7a-feira &#8211; 6 de agosto:<br \/>\n<\/strong>Arroz, feij\u00e3o e carne em cubos com mandioca.<\/p>\n<p><strong>Quarta-feira &#8211; 7 de agosto:<br \/>\n<\/strong>Arroz, feij\u00e3o e polenta ao molho de calabresa.<\/p>\n<p><strong>Quinta-feira &#8211; 8 de agosto:<br \/>\n<\/strong>Arroz, feij\u00e3o e salada de legumes.<\/p>\n<p><strong>Sexta-feira &#8211; 9 de agosto:<br \/>\n<\/strong>Macarr\u00e3o ao molho com mini alm\u00f4ndegas.<\/p>\n<p><strong>\u00a0<\/strong><\/p>\n<p><strong>Segunda-feira &#8211; 12 de agosto:<br \/>\n<\/strong>Arroz, feij\u00e3o preto e pernil em cubos com batata.<\/p>\n<p><strong>Ter\u00e7a-feira &#8211; 13 de agosto:<br \/>\n<\/strong>Risoto de salsicha, feij\u00e3o preto e ovos de codorna.<\/p>\n<p><strong>Quarta-feira &#8211; 14 de agosto:<br \/>\n<\/strong>Arroz, feij\u00e3o, carne mo\u00edda com cenoura e batata.<\/p>\n<p><strong>Quinta-feira &#8211; 15 de agosto:<br \/>\n<\/strong>Arroz, feij\u00e3o, polenta ao molho e frango desfiado.<\/p>\n<p><strong>Sexta-feira &#8211; 16 de agosto:<br \/>\n<\/strong>Macarr\u00e3o ao molho de atum.<\/p>\n<p>&nbsp;<\/p>\n<p><strong>Segunda-feira &#8211; 19 de agosto:<br \/>\n<\/strong>Arroz, feij\u00e3o e polenta ao molho bolonhesa.<\/p>\n<p><strong>Ter\u00e7a-feira &#8211; 20 de agosto:<br \/>\n<\/strong>Arroz, feij\u00e3o e salsicha com batata.<\/p>\n<p><strong>Quarta-feira &#8211; 21 de agosto:<br \/>\n<\/strong>Arroz de forno, feij\u00e3o preto e ovos de codorna.<\/p>\n<p><strong>Quinta-feira &#8211; 22 de agosto:<br \/>\n<\/strong>Arroz, feij\u00e3o e frango com legumes.<\/p>\n<p><strong>Sexta-feira &#8211; 23 de agosto:<br \/>\n<\/strong>Macarr\u00e3o ao molho e de carne em cubos.<\/p>\n<p>&nbsp;<\/p>\n<p><strong>Segunda-feira &#8211; 26 de agosto:<br \/>\n<\/strong>Arroz, feij\u00e3o preto e farofa primavera.<\/p>\n<p><strong>Ter\u00e7a-feira &#8211; 27 de agosto:<br \/>\n<\/strong>Arroz, feij\u00e3o, polenta com molho de carne em cubos.<\/p>\n<p><strong>Quarta-feira &#8211; 28 de agosto:<br \/>\n<\/strong>Arroz, feij\u00e3o e carne em tiras com legumes.<\/p>\n<p><strong>Quinta-feira &#8211; 29 de agosto:<br \/>\n<\/strong>Arroz, feij\u00e3o e strogonoff de frango.<\/p>\n<p><strong>Sexta-feira &#8211; 30 de agosto:<br \/>\n<\/strong>Macarr\u00e3o ao molho de calabresa.<\/p>\n<p><strong>\u00a0<\/strong><\/p>\n<p><strong>1\u00aa semana:<\/strong> folha, alface, e fruta, ma\u00e7\u00e3.<br \/>\n<strong>2\u00aa semana:<\/strong> folha, alface; legume, milho verde, e frutas, tangerina e uva.<br \/>\n<strong>3\u00aa semana:<\/strong> folha, alface; legume, pepino, efruta, banana prata e mam\u00e3o formosa.<br \/>\n<strong>4\u00aa semana:<\/strong> folha, alface; legume, br\u00f3colis, e frutas, abacaxi e mel\u00e3o.<br \/>\n<strong>5\u00aa semana:<\/strong> folha, alface; legume, tomate, e frutas, melancia e banana nanica.<\/p>\n<p>&nbsp;<\/p>\n<p><strong>Observa\u00e7\u00e3o: <\/strong><em>card\u00e1pio sujeito a altera\u00e7\u00f5es caso necess\u00e1rio\u00a0\u00a0\u00a0\u00a0\u00a0\u00a0\u00a0\u00a0\u00a0 .\u00a0\u00a0\u00a0\u00a0\u00a0\u00a0\u00a0\u00a0\u00a0\u00a0\u00a0\u00a0\u00a0\u00a0\u00a0\u00a0\u00a0\u00a0\u00a0\u00a0\u00a0\u00a0 <\/em><\/p>\n<p><strong>Nutricionista respons\u00e1vel t\u00e9cnica: <em>S\u00edlvia Regina Lorencetti (CRN 33915)<\/em>\u00a0\u00a0\u00a0\u00a0\u00a0\u00a0\u00a0\u00a0\u00a0\u00a0\u00a0\u00a0\u00a0\u00a0\u00a0\u00a0\u00a0\u00a0\u00a0\u00a0\u00a0\u00a0\u00a0\u00a0\u00a0\u00a0\u00a0\u00a0\u00a0\u00a0\u00a0\u00a0\u00a0 <\/strong><\/p>\n<p><strong>\u00a0<\/strong><\/p>\n<p>&nbsp;<\/p>\n<p>&nbsp;<\/p>\n","protected":false},"excerpt":{"rendered":"<p>(EMEI, ENSINO FUNDAMENTAL E ENSINO M\u00c9DIO) \u00a0 Quinta-feira &#8211; 1 de agosto: Arroz, feijoada e farofa primavera. Sexta-feira &#8211; 2<\/p>\n","protected":false},"author":1,"featured_media":816,"comment_status":"closed","ping_status":"open","sticky":false,"template":"","format":"standard","meta":{"footnotes":""},"categories":[32],"tags":[],"class_list":["post-1934","post","type-post","status-publish","format-standard","has-post-thumbnail","hentry","category-merenda-escolar"],"_links":{"self":[{"href":"https:\/\/www.santaritadopassaquatro.sp.gov.br\/portal\/wp-json\/wp\/v2\/posts\/1934","targetHints":{"allow":["GET"]}}],"collection":[{"href":"https:\/\/www.santaritadopassaquatro.sp.gov.br\/portal\/wp-json\/wp\/v2\/posts"}],"about":[{"href":"https:\/\/www.santaritadopassaquatro.sp.gov.br\/portal\/wp-json\/wp\/v2\/types\/post"}],"author":[{"embeddable":true,"href":"https:\/\/www.santaritadopassaquatro.sp.gov.br\/portal\/wp-json\/wp\/v2\/users\/1"}],"replies":[{"embeddable":true,"href":"https:\/\/www.santaritadopassaquatro.sp.gov.br\/portal\/wp-json\/wp\/v2\/comments?post=1934"}],"version-history":[{"count":2,"href":"https:\/\/www.santaritadopassaquatro.sp.gov.br\/portal\/wp-json\/wp\/v2\/posts\/1934\/revisions"}],"predecessor-version":[{"id":1989,"href":"https:\/\/www.santaritadopassaquatro.sp.gov.br\/portal\/wp-json\/wp\/v2\/posts\/1934\/revisions\/1989"}],"wp:featuredmedia":[{"embeddable":true,"href":"https:\/\/www.santaritadopassaquatro.sp.gov.br\/portal\/wp-json\/wp\/v2\/media\/816"}],"wp:attachment":[{"href":"https:\/\/www.santaritadopassaquatro.sp.gov.br\/portal\/wp-json\/wp\/v2\/media?parent=1934"}],"wp:term":[{"taxonomy":"category","embeddable":true,"href":"https:\/\/www.santaritadopassaquatro.sp.gov.br\/portal\/wp-json\/wp\/v2\/categories?post=1934"},{"taxonomy":"post_tag","embeddable":true,"href":"https:\/\/www.santaritadopassaquatro.sp.gov.br\/portal\/wp-json\/wp\/v2\/tags?post=1934"}],"curies":[{"name":"wp","href":"https:\/\/api.w.org\/{rel}","templated":true}]}}