{"id":1948,"date":"2019-08-09T14:56:28","date_gmt":"2019-08-09T17:56:28","guid":{"rendered":"http:\/\/www.santaritadopassaquatro.sp.gov.br\/portal\/?p=1948"},"modified":"2019-08-09T14:56:28","modified_gmt":"2019-08-09T17:56:28","slug":"departamento-de-meio-ambiente-realiza-auto-monitoramento-de-coletas-de-agua","status":"publish","type":"post","link":"https:\/\/www.santaritadopassaquatro.sp.gov.br\/portal\/departamento-de-meio-ambiente-realiza-auto-monitoramento-de-coletas-de-agua\/","title":{"rendered":"Departamento de Meio Ambiente realiza Auto Monitoramento de Coletas de \u00c1gua"},"content":{"rendered":"<p><img decoding=\"async\" class=\"alignnone size-medium wp-image-1950 alignleft\" src=\"http:\/\/www.santaritadopassaquatro.sp.gov.br\/portal\/wp-content\/uploads\/2019\/08\/monitoramento-eta-225x300.jpg\" alt=\"\" width=\"225\" height=\"300\" srcset=\"https:\/\/www.santaritadopassaquatro.sp.gov.br\/portal\/wp-content\/uploads\/2019\/08\/monitoramento-eta-225x300.jpg 225w, https:\/\/www.santaritadopassaquatro.sp.gov.br\/portal\/wp-content\/uploads\/2019\/08\/monitoramento-eta-768x1024.jpg 768w\" sizes=\"(max-width: 225px) 100vw, 225px\" \/>Departamento de Agricultura e Meio Ambiente (Interlocutor do PMVA Rodrigo Torres Cardoso e a Engenheira Qu\u00edmica Ana Vict\u00f3ria Silva), nesta sexta-feira (9\/8), acompanhou as coletas das amostras da \u00e1gua tratada do munic\u00edpio. O trabalho ocorreu desde a entrada de \u00e1gua na ETA (Esta\u00e7\u00e3o de Tratamento de \u00c1gua), que vem capta\u00e7\u00e3o de \u00e1gua na represa municipal, no meio do ciclo (decantador) at\u00e9 o final do processo (\u00e1gua pronta). Com essas amostras pode-se conhecer os par\u00e2metros da \u00e1gua bruta e da tratada. Al\u00e9m de acompanhar as an\u00e1lises realizadas na ETA, os funcion\u00e1rios estiverem presentes na ETE (Esta\u00e7\u00e3o de Tratamento de Esgoto) do C\u00f3rrego Marinho para acompanhar a coleta e an\u00e1lise do esgoto de Santa Rita do Passa Quatro.<\/p>\n<p>Essa a\u00e7\u00e3o faz parte do ciclo 2019 do Programa Munic\u00edpio Verde Azul prevista na diretiva Gest\u00e3o das \u00c1guas.<\/p>\n<p>&nbsp;<\/p>\n<p>&nbsp;<\/p>\n<p>&nbsp;<\/p>\n","protected":false},"excerpt":{"rendered":"<p>Departamento de Agricultura e Meio Ambiente (Interlocutor do PMVA Rodrigo Torres Cardoso e a Engenheira Qu\u00edmica Ana Vict\u00f3ria Silva), nesta<\/p>\n","protected":false},"author":1,"featured_media":1949,"comment_status":"closed","ping_status":"open","sticky":false,"template":"","format":"standard","meta":{"footnotes":""},"categories":[53],"tags":[],"class_list":["post-1948","post","type-post","status-publish","format-standard","has-post-thumbnail","hentry","category-meio-ambiente"],"_links":{"self":[{"href":"https:\/\/www.santaritadopassaquatro.sp.gov.br\/portal\/wp-json\/wp\/v2\/posts\/1948","targetHints":{"allow":["GET"]}}],"collection":[{"href":"https:\/\/www.santaritadopassaquatro.sp.gov.br\/portal\/wp-json\/wp\/v2\/posts"}],"about":[{"href":"https:\/\/www.santaritadopassaquatro.sp.gov.br\/portal\/wp-json\/wp\/v2\/types\/post"}],"author":[{"embeddable":true,"href":"https:\/\/www.santaritadopassaquatro.sp.gov.br\/portal\/wp-json\/wp\/v2\/users\/1"}],"replies":[{"embeddable":true,"href":"https:\/\/www.santaritadopassaquatro.sp.gov.br\/portal\/wp-json\/wp\/v2\/comments?post=1948"}],"version-history":[{"count":0,"href":"https:\/\/www.santaritadopassaquatro.sp.gov.br\/portal\/wp-json\/wp\/v2\/posts\/1948\/revisions"}],"wp:featuredmedia":[{"embeddable":true,"href":"https:\/\/www.santaritadopassaquatro.sp.gov.br\/portal\/wp-json\/wp\/v2\/media\/1949"}],"wp:attachment":[{"href":"https:\/\/www.santaritadopassaquatro.sp.gov.br\/portal\/wp-json\/wp\/v2\/media?parent=1948"}],"wp:term":[{"taxonomy":"category","embeddable":true,"href":"https:\/\/www.santaritadopassaquatro.sp.gov.br\/portal\/wp-json\/wp\/v2\/categories?post=1948"},{"taxonomy":"post_tag","embeddable":true,"href":"https:\/\/www.santaritadopassaquatro.sp.gov.br\/portal\/wp-json\/wp\/v2\/tags?post=1948"}],"curies":[{"name":"wp","href":"https:\/\/api.w.org\/{rel}","templated":true}]}}