{"id":1958,"date":"2019-08-09T15:10:19","date_gmt":"2019-08-09T18:10:19","guid":{"rendered":"http:\/\/www.santaritadopassaquatro.sp.gov.br\/portal\/?p=1958"},"modified":"2019-08-09T15:10:19","modified_gmt":"2019-08-09T18:10:19","slug":"humor-stand-up-com-andre-massa-acontece-na-proxima-sexta-feira","status":"publish","type":"post","link":"https:\/\/www.santaritadopassaquatro.sp.gov.br\/portal\/humor-stand-up-com-andre-massa-acontece-na-proxima-sexta-feira\/","title":{"rendered":"HUMOR:\u00a0Stand up com Andr\u00e9 Massa acontece na pr\u00f3xima sexta-feira"},"content":{"rendered":"<p><strong><em>Atra\u00e7\u00e3o ser\u00e1 no Centro Cultural Mario Covas e ingressos devem ser trocados por produto de limpeza em prol de mais uma entidade<\/em><\/strong><\/p>\n<p>&nbsp;<\/p>\n<figure id=\"attachment_1959\" aria-describedby=\"caption-attachment-1959\" style=\"width: 300px\" class=\"wp-caption alignleft\"><img decoding=\"async\" class=\"wp-image-1959 size-medium\" src=\"http:\/\/www.santaritadopassaquatro.sp.gov.br\/portal\/wp-content\/uploads\/2019\/08\/andre_massa_palco_w-300x200.jpg\" alt=\"\" width=\"300\" height=\"200\" srcset=\"https:\/\/www.santaritadopassaquatro.sp.gov.br\/portal\/wp-content\/uploads\/2019\/08\/andre_massa_palco_w-300x200.jpg 300w, https:\/\/www.santaritadopassaquatro.sp.gov.br\/portal\/wp-content\/uploads\/2019\/08\/andre_massa_palco_w.jpg 600w\" sizes=\"(max-width: 300px) 100vw, 300px\" \/><figcaption id=\"caption-attachment-1959\" class=\"wp-caption-text\"><span style=\"font-size: 8pt; color: #999999;\"><em><strong>Andr\u00e9 Massa em apresenta\u00e7\u00e3o em Santa Rita no \u00faltimo m\u00eas de mar\u00e7o (Divulga\u00e7\u00e3o)<\/strong><\/em><\/span><\/figcaption><\/figure>\n<p>Na pr\u00f3xima sexta-feira (16\/8), Santa Rita do Passa Quatro ir\u00e1 receber mais uma vez a com\u00e9dia <em>stand up<\/em> \u201cComediologia\u201d, com Andr\u00e9 Massa. Promovida com apoio do Departamento de Cultura e Turismo, da Prefeitura Municipal, a atra\u00e7\u00e3o, com expectativa de muitas gargalhadas, acontece no Centro Cultural M\u00e1rio Covas, \u00e0 partir das 19h30.<\/p>\n<p>Os ingressos limitados devem ser trocados por um produto de limpeza. A troca de ocorrer no Museu Zequinha de Abreu (Pra\u00e7a Poeta Mario Mattoso &#8211; Esta\u00e7\u00e3o), de segunda a sexta-feira, das 8h \u00e0s 11h e 13h \u00e0s 17 horas. O produto arrecadado ser\u00e1 destinado \u00e0 Abevec (Associa\u00e7\u00e3o Beneficente e Educacional Vida em Cristo).<\/p>\n<p>No espet\u00e1culo, Andr\u00e9 Massa promete um show de humor repleto de alegria, sem pol\u00eamicas, sem palavr\u00f5es e sem ultrapassar os \u201climites sociais\u201d, com diversas performances e in\u00fameras gargalhadas.<\/p>\n<p>Este \u00e9 a quarta vez que comediante se apresenta em Santa Rita. Em agosto e outubro de 2018 e em mar\u00e7o deste ano, Andr\u00e9 Massa proporcionou muitas gargalhadas aos presentes e ainda arrecadou alimentos que foram destinados ao Lar S\u00e3o Vicente de Paulo (Asilo).<\/p>\n<p>Andr\u00e9 Massa j\u00e1 soma mais de 90 mil seguidores em suas redes sociais e 300 mil visualiza\u00e7\u00f5es de v\u00eddeos no facebook. Hoje, o ator \u00e9 considerado uma das revela\u00e7\u00f5es do humor brasileiro. J\u00e1 passou por grandes r\u00e1dios e se consolida cada vez mais como apresentador no SBT de Ribeir\u00e3o Preto.<\/p>\n<p>&nbsp;<\/p>\n<p><strong>SERVI\u00c7O<br \/>\nCOMEDIOLOGIA \u2013 <em>Stand up<\/em> com Andr\u00e9 Massa<br \/>\nQUANDO: <\/strong>sexta-feira, 16 de agosto, \u00e0s 19h30.<strong><br \/>\nONDE: <\/strong>Centro Cultural M\u00e1rio Covas.<br \/>\n<strong>Classifica\u00e7\u00e3o:<\/strong> 12 anos.<br \/>\n<strong>INGRESSOS: <\/strong>\u00a0Produto de limpeza (em benef\u00edcio da Abevec). Trocar no Museu Zequinha de Abreu.<\/p>\n<p>&nbsp;<\/p>\n<p>&nbsp;<\/p>\n<p><strong>\u00a0<\/strong><\/p>\n<p>&nbsp;<\/p>\n<p>&nbsp;<\/p>\n<p>&nbsp;<\/p>\n","protected":false},"excerpt":{"rendered":"<p>Atra\u00e7\u00e3o ser\u00e1 no Centro Cultural Mario Covas e ingressos devem ser trocados por produto de limpeza em prol de mais<\/p>\n","protected":false},"author":1,"featured_media":1959,"comment_status":"closed","ping_status":"open","sticky":false,"template":"","format":"standard","meta":{"footnotes":""},"categories":[46,60],"tags":[],"class_list":["post-1958","post","type-post","status-publish","format-standard","has-post-thumbnail","hentry","category-cultura","category-turismo"],"_links":{"self":[{"href":"https:\/\/www.santaritadopassaquatro.sp.gov.br\/portal\/wp-json\/wp\/v2\/posts\/1958","targetHints":{"allow":["GET"]}}],"collection":[{"href":"https:\/\/www.santaritadopassaquatro.sp.gov.br\/portal\/wp-json\/wp\/v2\/posts"}],"about":[{"href":"https:\/\/www.santaritadopassaquatro.sp.gov.br\/portal\/wp-json\/wp\/v2\/types\/post"}],"author":[{"embeddable":true,"href":"https:\/\/www.santaritadopassaquatro.sp.gov.br\/portal\/wp-json\/wp\/v2\/users\/1"}],"replies":[{"embeddable":true,"href":"https:\/\/www.santaritadopassaquatro.sp.gov.br\/portal\/wp-json\/wp\/v2\/comments?post=1958"}],"version-history":[{"count":0,"href":"https:\/\/www.santaritadopassaquatro.sp.gov.br\/portal\/wp-json\/wp\/v2\/posts\/1958\/revisions"}],"wp:featuredmedia":[{"embeddable":true,"href":"https:\/\/www.santaritadopassaquatro.sp.gov.br\/portal\/wp-json\/wp\/v2\/media\/1959"}],"wp:attachment":[{"href":"https:\/\/www.santaritadopassaquatro.sp.gov.br\/portal\/wp-json\/wp\/v2\/media?parent=1958"}],"wp:term":[{"taxonomy":"category","embeddable":true,"href":"https:\/\/www.santaritadopassaquatro.sp.gov.br\/portal\/wp-json\/wp\/v2\/categories?post=1958"},{"taxonomy":"post_tag","embeddable":true,"href":"https:\/\/www.santaritadopassaquatro.sp.gov.br\/portal\/wp-json\/wp\/v2\/tags?post=1958"}],"curies":[{"name":"wp","href":"https:\/\/api.w.org\/{rel}","templated":true}]}}