{"id":1961,"date":"2019-08-09T15:11:19","date_gmt":"2019-08-09T18:11:19","guid":{"rendered":"http:\/\/www.santaritadopassaquatro.sp.gov.br\/portal\/?p=1961"},"modified":"2019-08-09T15:11:19","modified_gmt":"2019-08-09T18:11:19","slug":"teatro-com-ingressos-esgotados-magico-de-oz-sera-apresentado-neste-sabado","status":"publish","type":"post","link":"https:\/\/www.santaritadopassaquatro.sp.gov.br\/portal\/teatro-com-ingressos-esgotados-magico-de-oz-sera-apresentado-neste-sabado\/","title":{"rendered":"TEATRO:\u00a0Com ingressos esgotados, \u201cM\u00e1gico de Oz\u201d ser\u00e1 apresentado neste s\u00e1bado"},"content":{"rendered":"<p><strong><em>Promo\u00e7\u00e3o do Departamento de Cultura e Turismo, espet\u00e1culo do Espa\u00e7o N\u00facleo acontece no Centro Cultural Mario Covas <\/em><\/strong><\/p>\n<p>&nbsp;<\/p>\n<p><img decoding=\"async\" class=\"alignnone size-medium wp-image-1857 alignleft\" src=\"http:\/\/www.santaritadopassaquatro.sp.gov.br\/portal\/wp-content\/uploads\/2019\/07\/Magico_Oz-300x212.jpg\" alt=\"\" width=\"300\" height=\"212\" srcset=\"https:\/\/www.santaritadopassaquatro.sp.gov.br\/portal\/wp-content\/uploads\/2019\/07\/Magico_Oz-300x212.jpg 300w, https:\/\/www.santaritadopassaquatro.sp.gov.br\/portal\/wp-content\/uploads\/2019\/07\/Magico_Oz-768x543.jpg 768w, https:\/\/www.santaritadopassaquatro.sp.gov.br\/portal\/wp-content\/uploads\/2019\/07\/Magico_Oz-1024x725.jpg 1024w, https:\/\/www.santaritadopassaquatro.sp.gov.br\/portal\/wp-content\/uploads\/2019\/07\/Magico_Oz.jpg 1772w\" sizes=\"(max-width: 300px) 100vw, 300px\" \/>Como ingressos esgotados, acontece neste s\u00e1bado (10\/8), \u00e0s 19h30, no Centro Cultural M\u00e1rio Covas, em Santa Rita do Passa Quatro, o espet\u00e1culo teatral \u201cO M\u00e1gico De Oz\u201d. Promovido pelo Departamento de Cultura e Turismo, como parte do calend\u00e1rio de atra\u00e7\u00f5es o m\u00eas de agosto, da Prefeitura Municipal, o espet\u00e1culo ser\u00e1 apresentado pelo Espa\u00e7o N\u00facleo, de Limeira.<\/p>\n<p>Um verdadeiro cl\u00e1ssico infanto-juvenil, o espet\u00e1culo traz Dorothy e seu c\u00e3ozinho Tot\u00f3, que s\u00e3o levados para a terra m\u00e1gica de Oz, quando um ciclone passa pela fazenda de seus av\u00f3s no Kansas. Eles viajam em dire\u00e7\u00e3o \u00e0 Cidade das Esmeraldas para encontrar o M\u00e1gico de Oz e no caminho encontram um Espantalho, que precisa de um c\u00e9rebro, um Homem de Lata sem um cora\u00e7\u00e3o e um Le\u00e3o Covarde. Juntos v\u00e3o atr\u00e1s dos seus sonhos, sempre fugindo da Bruxa M\u00e1, uma grande aventura repleta de m\u00fasica, dan\u00e7a e efeitos especiais.<\/p>\n<p>O grupo teatral Espa\u00e7o N\u00facleo, de Limeira, j\u00e1 esteve em Santa Rita com tr\u00eas espet\u00e1culos. \u00a0Em 2018, foram apresentadas as pe\u00e7as \u201cCaravela da Ilus\u00e3o\u201d, em maio, e \u201cJo\u00e3o e o P\u00e9 de Feij\u00e3o\u201d, em outubro.\u00a0 E este ano, em junho, aconteceu e espet\u00e1culo Peter Pan. Todas com atra\u00e7\u00f5es com grande participa\u00e7\u00e3o do p\u00fablico.<\/p>\n<p>&nbsp;<\/p>\n<p>&nbsp;<\/p>\n<p><strong>\u00a0<\/strong><\/p>\n<p><strong>\u00a0<\/strong><\/p>\n<p>&nbsp;<\/p>\n<p>&nbsp;<\/p>\n<p>&nbsp;<\/p>\n<p>&nbsp;<\/p>\n<p>&nbsp;<\/p>\n<p>&nbsp;<\/p>\n<p>&nbsp;<\/p>\n<p>&nbsp;<\/p>\n<p>&nbsp;<\/p>\n<p>&nbsp;<\/p>\n<p>&nbsp;<\/p>\n<p>&nbsp;<\/p>\n<p>&nbsp;<\/p>\n<p>&nbsp;<\/p>\n<p>&nbsp;<\/p>\n<p>&nbsp;<\/p>\n<p>&nbsp;<\/p>\n","protected":false},"excerpt":{"rendered":"<p>Promo\u00e7\u00e3o do Departamento de Cultura e Turismo, espet\u00e1culo do Espa\u00e7o N\u00facleo acontece no Centro Cultural Mario Covas &nbsp; Como ingressos<\/p>\n","protected":false},"author":1,"featured_media":1858,"comment_status":"closed","ping_status":"open","sticky":false,"template":"","format":"standard","meta":{"footnotes":""},"categories":[46],"tags":[],"class_list":["post-1961","post","type-post","status-publish","format-standard","has-post-thumbnail","hentry","category-cultura"],"_links":{"self":[{"href":"https:\/\/www.santaritadopassaquatro.sp.gov.br\/portal\/wp-json\/wp\/v2\/posts\/1961","targetHints":{"allow":["GET"]}}],"collection":[{"href":"https:\/\/www.santaritadopassaquatro.sp.gov.br\/portal\/wp-json\/wp\/v2\/posts"}],"about":[{"href":"https:\/\/www.santaritadopassaquatro.sp.gov.br\/portal\/wp-json\/wp\/v2\/types\/post"}],"author":[{"embeddable":true,"href":"https:\/\/www.santaritadopassaquatro.sp.gov.br\/portal\/wp-json\/wp\/v2\/users\/1"}],"replies":[{"embeddable":true,"href":"https:\/\/www.santaritadopassaquatro.sp.gov.br\/portal\/wp-json\/wp\/v2\/comments?post=1961"}],"version-history":[{"count":0,"href":"https:\/\/www.santaritadopassaquatro.sp.gov.br\/portal\/wp-json\/wp\/v2\/posts\/1961\/revisions"}],"wp:featuredmedia":[{"embeddable":true,"href":"https:\/\/www.santaritadopassaquatro.sp.gov.br\/portal\/wp-json\/wp\/v2\/media\/1858"}],"wp:attachment":[{"href":"https:\/\/www.santaritadopassaquatro.sp.gov.br\/portal\/wp-json\/wp\/v2\/media?parent=1961"}],"wp:term":[{"taxonomy":"category","embeddable":true,"href":"https:\/\/www.santaritadopassaquatro.sp.gov.br\/portal\/wp-json\/wp\/v2\/categories?post=1961"},{"taxonomy":"post_tag","embeddable":true,"href":"https:\/\/www.santaritadopassaquatro.sp.gov.br\/portal\/wp-json\/wp\/v2\/tags?post=1961"}],"curies":[{"name":"wp","href":"https:\/\/api.w.org\/{rel}","templated":true}]}}