{"id":1967,"date":"2019-08-09T15:16:46","date_gmt":"2019-08-09T18:16:46","guid":{"rendered":"http:\/\/www.santaritadopassaquatro.sp.gov.br\/portal\/?p=1967"},"modified":"2019-08-09T15:16:46","modified_gmt":"2019-08-09T18:16:46","slug":"6a-feira-do-comercio-de-santa-rita-tem-mais-de-100-empreenderes-inscritos","status":"publish","type":"post","link":"https:\/\/www.santaritadopassaquatro.sp.gov.br\/portal\/6a-feira-do-comercio-de-santa-rita-tem-mais-de-100-empreenderes-inscritos\/","title":{"rendered":"6\u00aa Feira do Com\u00e9rcio de Santa Rita tem mais de 100 empreenderes inscritos"},"content":{"rendered":"<p><strong><em>Evento acontece no dia 15 de setembro e este ano ser\u00e1 na Pra\u00e7a da Esta\u00e7\u00e3o, em fun\u00e7\u00e3o da reforma do galp\u00e3o no Clube de Campo <\/em><\/strong><\/p>\n<p>&nbsp;<\/p>\n<p><img decoding=\"async\" class=\"alignnone size-medium wp-image-1968 alignleft\" src=\"http:\/\/www.santaritadopassaquatro.sp.gov.br\/portal\/wp-content\/uploads\/2019\/08\/Feira_comercio_publico-300x200.jpg\" alt=\"\" width=\"300\" height=\"200\" srcset=\"https:\/\/www.santaritadopassaquatro.sp.gov.br\/portal\/wp-content\/uploads\/2019\/08\/Feira_comercio_publico-300x200.jpg 300w, https:\/\/www.santaritadopassaquatro.sp.gov.br\/portal\/wp-content\/uploads\/2019\/08\/Feira_comercio_publico-768x512.jpg 768w, https:\/\/www.santaritadopassaquatro.sp.gov.br\/portal\/wp-content\/uploads\/2019\/08\/Feira_comercio_publico-1024x683.jpg 1024w\" sizes=\"(max-width: 300px) 100vw, 300px\" \/>Mais de 100 comerciantes e prestadores de servi\u00e7os se inscreveram para participar da 6\u00ba Feira do Com\u00e9rcio de Santa Rita do Passa Quatro. O prazo de inscri\u00e7\u00f5es terminou no \u00faltimo dia 2 de agosto, sexta-feira. E vento tamb\u00e9m \u00e9 destinado a empreendedores que desejam iniciar seu neg\u00f3cio.<\/p>\n<p>Promovida em parceria entre Prefeitura Municipal, atrav\u00e9s do Setor de Desenvolvimento Econ\u00f4mico, e ACE (Associa\u00e7\u00e3o Comercial e Empresarial), o evento acontece no pr\u00f3ximo dia 15 de setembro, domingo. A novidade deste ano ser\u00e1 a mudan\u00e7a de local, j\u00e1 que o galp\u00e3o no Parque Tur\u00edstico Municipal (Clube de Campo) est\u00e1 passando por uma revitaliza\u00e7\u00e3o, a feira de 2019 ser\u00e1 na Pra\u00e7a Poeta Mario Mattoso (Esta\u00e7\u00e3o).<\/p>\n<p>Sucesso na cidade e regi\u00e3o, a Feira do Com\u00e9rcio \u00e9 considerada uma das principais a\u00e7\u00f5es do munic\u00edpio em busca da gera\u00e7\u00e3o de emprego e renda para a popula\u00e7\u00e3o do munic\u00edpio. O evento \u00e9 exclusivo para empreendedores de Santa Rita e re\u00fane setores do com\u00e9rcio, presta\u00e7\u00e3o de servi\u00e7os, agroneg\u00f3cio, pra\u00e7a de alimenta\u00e7\u00e3o, durante todo o dia, com entrada franca.<\/p>\n<p>Como parte do Plano de Desenvolvimento Econ\u00f4mico do Munic\u00edpio, a Feira do Comercio come\u00e7ou a ser realizada em 2014, recebendo mais de 6 mil consumidores da cidade e da regi\u00e3o. Segunda, terceira e quarta edi\u00e7\u00f5es (2015, 2016 e 2017) receberam cerca de 10 mil visitantes cada. No ano passado, segundo a organiza\u00e7\u00e3o, 15 mil pessoas do evento. Muitos dos consumidores v\u00eam de outras cidades, como Porto Ferreira, Descalvado, Tamba\u00fa e Pirassununga, refor\u00e7ando o car\u00e1ter de incentivo ao com\u00e9rcio local.<\/p>\n<p>Em todas as edi\u00e7\u00f5es da feira, os expositores ofereceram ao p\u00fablico os mais variados tipos de produtos, em promo\u00e7\u00f5es e queima de estoque. Muitos realizaram sorteio de pr\u00eamios e brindes entre os participantes. Al\u00e9m das vendas, que superaram as expectativas, os expositores tamb\u00e9m tiveram a oportunidade de divulgar seus neg\u00f3cios.<\/p>\n<p>&nbsp;<\/p>\n<p><strong>SERVI\u00c7O<br \/>\n6\u00ba FEIRA DO COM\u00c9RCIO DE SANTA RITA DO PASSA QUATRO<\/strong>.<br \/>\n<strong>DATA:<\/strong> 15 de setembro.<br \/>\n<strong>HOR\u00c1RIO: <\/strong>das 9h \u00e0s 18 horas.<br \/>\n<strong>LOCAL:<\/strong> Pra\u00e7a Poeta M\u00e1rio Mattoso.<br \/>\n<strong>ENTARDA GRATITA<\/strong><\/p>\n<p><strong>\u00a0<\/strong><\/p>\n<p>&nbsp;<\/p>\n<p>&nbsp;<\/p>\n<p>&nbsp;<\/p>\n<p>&nbsp;<\/p>\n<p>&nbsp;<\/p>\n","protected":false},"excerpt":{"rendered":"<p>Evento acontece no dia 15 de setembro e este ano ser\u00e1 na Pra\u00e7a da Esta\u00e7\u00e3o, em fun\u00e7\u00e3o da reforma do<\/p>\n","protected":false},"author":1,"featured_media":1968,"comment_status":"closed","ping_status":"open","sticky":false,"template":"","format":"standard","meta":{"footnotes":""},"categories":[47,48,52],"tags":[],"class_list":["post-1967","post","type-post","status-publish","format-standard","has-post-thumbnail","hentry","category-desenvovimento","category-featured","category-latest"],"_links":{"self":[{"href":"https:\/\/www.santaritadopassaquatro.sp.gov.br\/portal\/wp-json\/wp\/v2\/posts\/1967","targetHints":{"allow":["GET"]}}],"collection":[{"href":"https:\/\/www.santaritadopassaquatro.sp.gov.br\/portal\/wp-json\/wp\/v2\/posts"}],"about":[{"href":"https:\/\/www.santaritadopassaquatro.sp.gov.br\/portal\/wp-json\/wp\/v2\/types\/post"}],"author":[{"embeddable":true,"href":"https:\/\/www.santaritadopassaquatro.sp.gov.br\/portal\/wp-json\/wp\/v2\/users\/1"}],"replies":[{"embeddable":true,"href":"https:\/\/www.santaritadopassaquatro.sp.gov.br\/portal\/wp-json\/wp\/v2\/comments?post=1967"}],"version-history":[{"count":0,"href":"https:\/\/www.santaritadopassaquatro.sp.gov.br\/portal\/wp-json\/wp\/v2\/posts\/1967\/revisions"}],"wp:featuredmedia":[{"embeddable":true,"href":"https:\/\/www.santaritadopassaquatro.sp.gov.br\/portal\/wp-json\/wp\/v2\/media\/1968"}],"wp:attachment":[{"href":"https:\/\/www.santaritadopassaquatro.sp.gov.br\/portal\/wp-json\/wp\/v2\/media?parent=1967"}],"wp:term":[{"taxonomy":"category","embeddable":true,"href":"https:\/\/www.santaritadopassaquatro.sp.gov.br\/portal\/wp-json\/wp\/v2\/categories?post=1967"},{"taxonomy":"post_tag","embeddable":true,"href":"https:\/\/www.santaritadopassaquatro.sp.gov.br\/portal\/wp-json\/wp\/v2\/tags?post=1967"}],"curies":[{"name":"wp","href":"https:\/\/api.w.org\/{rel}","templated":true}]}}