{"id":1972,"date":"2019-08-09T15:19:39","date_gmt":"2019-08-09T18:19:39","guid":{"rendered":"http:\/\/www.santaritadopassaquatro.sp.gov.br\/portal\/?p=1972"},"modified":"2019-08-09T15:19:39","modified_gmt":"2019-08-09T18:19:39","slug":"parceria-entre-fss-e-senai-sp-inicia-mais-uma-turma-curso-de-eletricista-instalador-2","status":"publish","type":"post","link":"https:\/\/www.santaritadopassaquatro.sp.gov.br\/portal\/parceria-entre-fss-e-senai-sp-inicia-mais-uma-turma-curso-de-eletricista-instalador-2\/","title":{"rendered":"Parceria entre FSS e Senai-SP inicia mais uma turma Curso de Eletricista Instalador"},"content":{"rendered":"<p><strong><em>Promovido pelo Fundo Social de Solidariedade, da Prefeitura Municipal, aulas acontecem no Centro Profissionalizante<\/em><\/strong><\/p>\n<p><strong><em>\u00a0<\/em><\/strong><\/p>\n<figure id=\"attachment_1974\" aria-describedby=\"caption-attachment-1974\" style=\"width: 300px\" class=\"wp-caption alignleft\"><img decoding=\"async\" class=\"wp-image-1974 size-medium\" src=\"http:\/\/www.santaritadopassaquatro.sp.gov.br\/portal\/wp-content\/uploads\/2019\/08\/curso_eletricista-300x225.jpeg\" alt=\"\" width=\"300\" height=\"225\" srcset=\"https:\/\/www.santaritadopassaquatro.sp.gov.br\/portal\/wp-content\/uploads\/2019\/08\/curso_eletricista-300x225.jpeg 300w, https:\/\/www.santaritadopassaquatro.sp.gov.br\/portal\/wp-content\/uploads\/2019\/08\/curso_eletricista-768x576.jpeg 768w, https:\/\/www.santaritadopassaquatro.sp.gov.br\/portal\/wp-content\/uploads\/2019\/08\/curso_eletricista-1024x768.jpeg 1024w, https:\/\/www.santaritadopassaquatro.sp.gov.br\/portal\/wp-content\/uploads\/2019\/08\/curso_eletricista.jpeg 1032w\" sizes=\"(max-width: 300px) 100vw, 300px\" \/><figcaption id=\"caption-attachment-1974\" class=\"wp-caption-text\"><span style=\"font-size: 8pt; color: #999999;\"><em><strong>Alunos de mais uma turma do curso de Eletricista Instalador que acontece no Centro Profissionalizante Professora M\u00e1rcia de Souza Menegassi (Divulga\u00e7\u00e3o) <\/strong><\/em><\/span><\/figcaption><\/figure>\n<p>O Fundo Social de Solidariedade, da Prefeitura Municipal de Santa Rita do Passa Quatro, iniciou mais uma turma do curso de qualifica\u00e7\u00e3o profissional de eletricista instalador. Em parceria com o Senai-SP, as aulas come\u00e7aram no \u00faltimo dia 5 de agosto, segunda-feira, no Centro Profissionalizante Professora M\u00e1rcia de Souza Menegassi.<\/p>\n<p>As aulas s\u00e3o noturnas com carga hor\u00e1ria de 160 horas e seguem at\u00e9 o final do ano. Nesta turma, mais 21 alunos iniciaram com professor e experiente eletricista Jos\u00e9 Augusto Zorzi.<\/p>\n<p>Esta \u00e9 a 9\u00aa turma certificas pelo Senai-SP no munic\u00edpio, no curso de eletricista instalador, desde 2014. Mantido pela Prefeitura Municipal, o Centro Profissionalizante funciona o pr\u00e9dio municipal que abrigou a unidade local Sesi, no bairro Jardim 22 de Maio.<\/p>\n<p>O projeto do Fundo Social de Solidariedade, em parceria com o Senai-SP (unidade de S\u00e3o Carlos) busca a educa\u00e7\u00e3o e qualifica\u00e7\u00e3o, visando a forma\u00e7\u00e3o de novos profissionais no munic\u00edpio, gerando oportunidade de trabalho, renda e, acima de tudo, cidadania.<\/p>\n<p>&nbsp;<\/p>\n<p>&nbsp;<\/p>\n","protected":false},"excerpt":{"rendered":"<p>Promovido pelo Fundo Social de Solidariedade, da Prefeitura Municipal, aulas acontecem no Centro Profissionalizante \u00a0 O Fundo Social de Solidariedade,<\/p>\n","protected":false},"author":1,"featured_media":1973,"comment_status":"closed","ping_status":"open","sticky":false,"template":"","format":"standard","meta":{"footnotes":""},"categories":[43,52],"tags":[],"class_list":["post-1972","post","type-post","status-publish","format-standard","has-post-thumbnail","hentry","category-assistenciasocial","category-latest"],"_links":{"self":[{"href":"https:\/\/www.santaritadopassaquatro.sp.gov.br\/portal\/wp-json\/wp\/v2\/posts\/1972","targetHints":{"allow":["GET"]}}],"collection":[{"href":"https:\/\/www.santaritadopassaquatro.sp.gov.br\/portal\/wp-json\/wp\/v2\/posts"}],"about":[{"href":"https:\/\/www.santaritadopassaquatro.sp.gov.br\/portal\/wp-json\/wp\/v2\/types\/post"}],"author":[{"embeddable":true,"href":"https:\/\/www.santaritadopassaquatro.sp.gov.br\/portal\/wp-json\/wp\/v2\/users\/1"}],"replies":[{"embeddable":true,"href":"https:\/\/www.santaritadopassaquatro.sp.gov.br\/portal\/wp-json\/wp\/v2\/comments?post=1972"}],"version-history":[{"count":0,"href":"https:\/\/www.santaritadopassaquatro.sp.gov.br\/portal\/wp-json\/wp\/v2\/posts\/1972\/revisions"}],"wp:featuredmedia":[{"embeddable":true,"href":"https:\/\/www.santaritadopassaquatro.sp.gov.br\/portal\/wp-json\/wp\/v2\/media\/1973"}],"wp:attachment":[{"href":"https:\/\/www.santaritadopassaquatro.sp.gov.br\/portal\/wp-json\/wp\/v2\/media?parent=1972"}],"wp:term":[{"taxonomy":"category","embeddable":true,"href":"https:\/\/www.santaritadopassaquatro.sp.gov.br\/portal\/wp-json\/wp\/v2\/categories?post=1972"},{"taxonomy":"post_tag","embeddable":true,"href":"https:\/\/www.santaritadopassaquatro.sp.gov.br\/portal\/wp-json\/wp\/v2\/tags?post=1972"}],"curies":[{"name":"wp","href":"https:\/\/api.w.org\/{rel}","templated":true}]}}