{"id":1976,"date":"2019-08-09T15:20:59","date_gmt":"2019-08-09T18:20:59","guid":{"rendered":"http:\/\/www.santaritadopassaquatro.sp.gov.br\/portal\/?p=1976"},"modified":"2019-08-09T15:20:59","modified_gmt":"2019-08-09T18:20:59","slug":"inscricoes-para-cursinho-comunitario-gratuito-seguem-tambem-neste-sabado","status":"publish","type":"post","link":"https:\/\/www.santaritadopassaquatro.sp.gov.br\/portal\/inscricoes-para-cursinho-comunitario-gratuito-seguem-tambem-neste-sabado\/","title":{"rendered":"Inscri\u00e7\u00f5es para cursinho comunit\u00e1rio gratuito seguem tamb\u00e9m neste s\u00e1bado"},"content":{"rendered":"<p><strong><em>Aberta \u00e0 popula\u00e7\u00e3o, iniciativa de ONG conta com apoio da Prefeitura Municipal; aulas ser\u00e3o aos s\u00e1bados, no Centro Profissionalizante <\/em><\/strong><\/p>\n<p><strong><em>\u00a0<\/em><\/strong><\/p>\n<p><img decoding=\"async\" class=\"alignnone size-medium wp-image-1917 alignleft\" src=\"http:\/\/www.santaritadopassaquatro.sp.gov.br\/portal\/wp-content\/uploads\/2019\/08\/semeando-300x300.jpg\" alt=\"\" width=\"300\" height=\"300\" srcset=\"https:\/\/www.santaritadopassaquatro.sp.gov.br\/portal\/wp-content\/uploads\/2019\/08\/semeando-300x300.jpg 300w, https:\/\/www.santaritadopassaquatro.sp.gov.br\/portal\/wp-content\/uploads\/2019\/08\/semeando-150x150.jpg 150w, https:\/\/www.santaritadopassaquatro.sp.gov.br\/portal\/wp-content\/uploads\/2019\/08\/semeando.jpg 530w\" sizes=\"(max-width: 300px) 100vw, 300px\" \/>Quem est\u00e1 em busca de vagas na faculdade ou de trabalho em concursos p\u00fablicos ainda tem a oportunidade de se inscrever no cursinho comunit\u00e1rio promovido pela ONG Semeando Mais Vidas, com apoio da Prefeitura Municipal de em Santa Rita do Passa Quatro. A inscri\u00e7\u00e3o deve ser feita no Centro Profissionalizante M\u00e1rcia de Souza Menegassi (antigo Sesi), das 14h \u00e0s 18 horas, neste s\u00e1bado (10\/8).<\/p>\n<p>O objetivo \u00e9 promover a oportunidade das pessoas se prepararem para provas, como aulas aos s\u00e1bados. O cursinho preparat\u00f3rio \u00e9 destinado a pessoas que desejam prestar ENEM, vestibulares, concursos p\u00fablicos, Vestibulinho ETEC e at\u00e9 escolas militares.<\/p>\n<p>Para fazer a matr\u00edcula \u00e9 necess\u00e1rio RG, comprovante de endere\u00e7o e foto 3&#215;4. O in\u00edcio das aulas est\u00e1 programado para o dia 17 de agosto.<\/p>\n<p>Os professores ser\u00e3o volunt\u00e1rios e podem participar especialmente estudantes de 1\u00ba e 2\u00ba do ensino m\u00e9dio, 9\u00ba ano do ensino fundamental (que almejam uma vaga nas ETECs), al\u00e9m de pessoas que se interessam em prestar concursos p\u00fablicos. As aulas prioritariamente ser\u00e3o de portugu\u00eas e matem\u00e1tica, mas outras disciplinas poder\u00e3o ser inclu\u00eddas, de acordo com a necessidade.<\/p>\n<p>Com sede em Porto Ferreira, a ONG Semeando Mais Vidas atua desde 2005 principalmente na \u00e1rea de sa\u00fade.<\/p>\n<p>&nbsp;<\/p>\n<p><strong>SERVI\u00c7O<br \/>\nSEMEANDO O CONHECIMENTO<br \/>\n<\/strong>(cursinho comunit\u00e1rio gratuito)<br \/>\n<strong>INSCRI\u00c7\u00d5ES: <\/strong>10 de agosto (s\u00e1bado)<strong>, <\/strong>das 14h \u00e0s 18 horas<strong>.<br \/>\nLOCAL: <\/strong>Centro Profissionalizante M\u00e1rcia de Souza Menegassi (antigo Sesi)<strong><br \/>\n<\/strong>Rua Visconde do Rio Branco, 1135 \u2013 Jd. 22 de Maio.<strong><\/p>\n<p><\/strong><\/p>\n","protected":false},"excerpt":{"rendered":"<p>Aberta \u00e0 popula\u00e7\u00e3o, iniciativa de ONG conta com apoio da Prefeitura Municipal; aulas ser\u00e3o aos s\u00e1bados, no Centro Profissionalizante \u00a0<\/p>\n","protected":false},"author":1,"featured_media":1917,"comment_status":"closed","ping_status":"open","sticky":false,"template":"","format":"standard","meta":{"footnotes":""},"categories":[43,48],"tags":[],"class_list":["post-1976","post","type-post","status-publish","format-standard","has-post-thumbnail","hentry","category-assistenciasocial","category-featured"],"_links":{"self":[{"href":"https:\/\/www.santaritadopassaquatro.sp.gov.br\/portal\/wp-json\/wp\/v2\/posts\/1976","targetHints":{"allow":["GET"]}}],"collection":[{"href":"https:\/\/www.santaritadopassaquatro.sp.gov.br\/portal\/wp-json\/wp\/v2\/posts"}],"about":[{"href":"https:\/\/www.santaritadopassaquatro.sp.gov.br\/portal\/wp-json\/wp\/v2\/types\/post"}],"author":[{"embeddable":true,"href":"https:\/\/www.santaritadopassaquatro.sp.gov.br\/portal\/wp-json\/wp\/v2\/users\/1"}],"replies":[{"embeddable":true,"href":"https:\/\/www.santaritadopassaquatro.sp.gov.br\/portal\/wp-json\/wp\/v2\/comments?post=1976"}],"version-history":[{"count":0,"href":"https:\/\/www.santaritadopassaquatro.sp.gov.br\/portal\/wp-json\/wp\/v2\/posts\/1976\/revisions"}],"wp:featuredmedia":[{"embeddable":true,"href":"https:\/\/www.santaritadopassaquatro.sp.gov.br\/portal\/wp-json\/wp\/v2\/media\/1917"}],"wp:attachment":[{"href":"https:\/\/www.santaritadopassaquatro.sp.gov.br\/portal\/wp-json\/wp\/v2\/media?parent=1976"}],"wp:term":[{"taxonomy":"category","embeddable":true,"href":"https:\/\/www.santaritadopassaquatro.sp.gov.br\/portal\/wp-json\/wp\/v2\/categories?post=1976"},{"taxonomy":"post_tag","embeddable":true,"href":"https:\/\/www.santaritadopassaquatro.sp.gov.br\/portal\/wp-json\/wp\/v2\/tags?post=1976"}],"curies":[{"name":"wp","href":"https:\/\/api.w.org\/{rel}","templated":true}]}}