{"id":1980,"date":"2019-08-09T15:27:37","date_gmt":"2019-08-09T18:27:37","guid":{"rendered":"http:\/\/www.santaritadopassaquatro.sp.gov.br\/portal\/?p=1980"},"modified":"2019-08-09T15:27:37","modified_gmt":"2019-08-09T18:27:37","slug":"turismo-prefeito-tem-semana-intensa-com-aprecesp-e-amitesp","status":"publish","type":"post","link":"https:\/\/www.santaritadopassaquatro.sp.gov.br\/portal\/turismo-prefeito-tem-semana-intensa-com-aprecesp-e-amitesp\/","title":{"rendered":"TURISMO:\u00a0Prefeito tem semana intensa com Aprecesp e Amitesp"},"content":{"rendered":"<p><strong><em>Leandro Luciano dos Santos presidente da associa\u00e7\u00e3o que representa as 70 est\u00e2ncias paulistas e busca desenvolvimento do turismo no Estado<\/em><\/strong><\/p>\n<p>&nbsp;<\/p>\n<figure id=\"attachment_1983\" aria-describedby=\"caption-attachment-1983\" style=\"width: 300px\" class=\"wp-caption alignleft\"><img decoding=\"async\" class=\"wp-image-1983 size-medium\" src=\"http:\/\/www.santaritadopassaquatro.sp.gov.br\/portal\/wp-content\/uploads\/2019\/08\/renuniao_secre_turismo02-300x225.jpeg\" alt=\"\" width=\"300\" height=\"225\" srcset=\"https:\/\/www.santaritadopassaquatro.sp.gov.br\/portal\/wp-content\/uploads\/2019\/08\/renuniao_secre_turismo02-300x225.jpeg 300w, https:\/\/www.santaritadopassaquatro.sp.gov.br\/portal\/wp-content\/uploads\/2019\/08\/renuniao_secre_turismo02-768x576.jpeg 768w, https:\/\/www.santaritadopassaquatro.sp.gov.br\/portal\/wp-content\/uploads\/2019\/08\/renuniao_secre_turismo02.jpeg 1024w\" sizes=\"(max-width: 300px) 100vw, 300px\" \/><figcaption id=\"caption-attachment-1983\" class=\"wp-caption-text\"><span style=\"color: #999999; font-size: 8pt;\"><em><strong>O prefeito de Santa Rita junto a diretoria da Aprecesp durante reuni\u00e3o com o secret\u00e1rios de Desenvolvimento e Turismo (Divulga\u00e7\u00e3o)<\/strong><\/em><\/span><\/figcaption><\/figure>\n<p>O prefeito de Santa Rita do Passa Quatro, Leandro Luciano dos Santos, presidente da Aprecesp (Associa\u00e7\u00e3o das Prefeituras das Cidades Est\u00e2ncias do Estado de S\u00e3o Paulo), cumpriu uma extensa agenda de compromissos na semana passada.<\/p>\n<p>Com objetivos de buscar o desenvolvimento do turismo no estado de S\u00e3o Paulo, o prefeito comandou mais uma reuni\u00e3o de diretoria da entidade que representa as 70 est\u00e2ncias paulistas, em S\u00e3o Paulo, no \u00faltimo dia 31 de julho, tratando de assuntos como a libera\u00e7\u00e3o se recursos do Dadetur (Departamento de Apoio e Desenvolvimento dos Munic\u00edpios Tur\u00edsticos), \u00f3rg\u00e3o da Secretaria de Estado do Turismo, entre outros.<\/p>\n<p>Na noite seguinte, de quinta-feira (1\/8), o prefeito esteve mais uma vez na capital paulista, em mais uma reuni\u00e3o de trabalho, no Pal\u00e1cio dos Bandeirantes, desta vez junto \u00e0s est\u00e2ncias e Munic\u00edpios de Interesse Tur\u00edstico (MIT), com os secret\u00e1rios de Desenvolvimento Regional, Marco Vinholi, e de Turismo Vinicius Lummertz.<\/p>\n<figure id=\"attachment_1981\" aria-describedby=\"caption-attachment-1981\" style=\"width: 300px\" class=\"wp-caption alignright\"><img decoding=\"async\" class=\"wp-image-1981 size-medium\" src=\"http:\/\/www.santaritadopassaquatro.sp.gov.br\/portal\/wp-content\/uploads\/2019\/08\/reuniao_amitesp_barretos-300x225.jpeg\" alt=\"\" width=\"300\" height=\"225\" srcset=\"https:\/\/www.santaritadopassaquatro.sp.gov.br\/portal\/wp-content\/uploads\/2019\/08\/reuniao_amitesp_barretos-300x225.jpeg 300w, https:\/\/www.santaritadopassaquatro.sp.gov.br\/portal\/wp-content\/uploads\/2019\/08\/reuniao_amitesp_barretos-768x576.jpeg 768w, https:\/\/www.santaritadopassaquatro.sp.gov.br\/portal\/wp-content\/uploads\/2019\/08\/reuniao_amitesp_barretos-1024x768.jpeg 1024w, https:\/\/www.santaritadopassaquatro.sp.gov.br\/portal\/wp-content\/uploads\/2019\/08\/reuniao_amitesp_barretos.jpeg 1152w\" sizes=\"(max-width: 300px) 100vw, 300px\" \/><figcaption id=\"caption-attachment-1981\" class=\"wp-caption-text\"><span style=\"color: #999999;\"><em><strong>Leandro na mesa de trabalhos durante reuni\u00e3o da Amitesp, em Barretos (Divulga\u00e7\u00e3o)<\/strong><\/em><\/span><\/figcaption><\/figure>\n<p>Com a presen\u00e7a do tamb\u00e9m prefeitos de Holambra, Fernando Godoi, de Santa F\u00e9 do Sul, Ademir Maschio, de Campos do Jord\u00e3o, Fred Scaranello, de Santo Ant\u00f4nio do Pinhal, Clodomiro J\u00fanior, e de S\u00e3o Luiz do Paraitinga, Ana Lucia Sicherle, al\u00e9m da prefeita de Monteiro Lobato, Daniela Brito, presidente da Amitesp (Associa\u00e7\u00e3o dos Munic\u00edpios de Interesse Tur\u00edstico).<\/p>\n<p>Nesta reuni\u00e3o foi discutido especialmente o futuro dos investimentos nas Est\u00e2ncias e MITs, definindo valores dos conv\u00eanios que ser\u00e3o liberados ainda em 2019. \u201cTrata-se de um trabalho pesado visando o desenvolvimento do turismo no Estado de S\u00e3o Paulo e na nossa regi\u00e3o, somando 210 munic\u00edpios, entre as 70 est\u00e2ncias e os 140 MITs\u201d, disse o prefeito.<\/p>\n<p>O terceiro compromisso do prefeito, no setor de turismo, na semana foi em Barretos, no \u00faltimo s\u00e1bado (3\/8), quando participou como convidado da reuni\u00e3o de prefeitos da Amitesp, associa\u00e7\u00e3o que representa os 140 Munic\u00edpios de Interesse Tur\u00edstico do Estado.<\/p>\n<p>&nbsp;<\/p>\n<p>&nbsp;<\/p>\n<p>&nbsp;<\/p>\n","protected":false},"excerpt":{"rendered":"<p>Leandro Luciano dos Santos presidente da associa\u00e7\u00e3o que representa as 70 est\u00e2ncias paulistas e busca desenvolvimento do turismo no Estado<\/p>\n","protected":false},"author":1,"featured_media":1981,"comment_status":"closed","ping_status":"open","sticky":false,"template":"","format":"standard","meta":{"footnotes":""},"categories":[44,52,57,60],"tags":[],"class_list":["post-1980","post","type-post","status-publish","format-standard","has-post-thumbnail","hentry","category-cidades","category-latest","category-politics","category-turismo"],"_links":{"self":[{"href":"https:\/\/www.santaritadopassaquatro.sp.gov.br\/portal\/wp-json\/wp\/v2\/posts\/1980","targetHints":{"allow":["GET"]}}],"collection":[{"href":"https:\/\/www.santaritadopassaquatro.sp.gov.br\/portal\/wp-json\/wp\/v2\/posts"}],"about":[{"href":"https:\/\/www.santaritadopassaquatro.sp.gov.br\/portal\/wp-json\/wp\/v2\/types\/post"}],"author":[{"embeddable":true,"href":"https:\/\/www.santaritadopassaquatro.sp.gov.br\/portal\/wp-json\/wp\/v2\/users\/1"}],"replies":[{"embeddable":true,"href":"https:\/\/www.santaritadopassaquatro.sp.gov.br\/portal\/wp-json\/wp\/v2\/comments?post=1980"}],"version-history":[{"count":0,"href":"https:\/\/www.santaritadopassaquatro.sp.gov.br\/portal\/wp-json\/wp\/v2\/posts\/1980\/revisions"}],"wp:featuredmedia":[{"embeddable":true,"href":"https:\/\/www.santaritadopassaquatro.sp.gov.br\/portal\/wp-json\/wp\/v2\/media\/1981"}],"wp:attachment":[{"href":"https:\/\/www.santaritadopassaquatro.sp.gov.br\/portal\/wp-json\/wp\/v2\/media?parent=1980"}],"wp:term":[{"taxonomy":"category","embeddable":true,"href":"https:\/\/www.santaritadopassaquatro.sp.gov.br\/portal\/wp-json\/wp\/v2\/categories?post=1980"},{"taxonomy":"post_tag","embeddable":true,"href":"https:\/\/www.santaritadopassaquatro.sp.gov.br\/portal\/wp-json\/wp\/v2\/tags?post=1980"}],"curies":[{"name":"wp","href":"https:\/\/api.w.org\/{rel}","templated":true}]}}