{"id":1985,"date":"2019-08-09T15:31:08","date_gmt":"2019-08-09T18:31:08","guid":{"rendered":"http:\/\/www.santaritadopassaquatro.sp.gov.br\/portal\/?p=1985"},"modified":"2019-08-09T15:31:08","modified_gmt":"2019-08-09T18:31:08","slug":"prefeito-assina-verba-de-r-1-milhao-para-restauracao-do-museu-zequinha-de-abreu","status":"publish","type":"post","link":"https:\/\/www.santaritadopassaquatro.sp.gov.br\/portal\/prefeito-assina-verba-de-r-1-milhao-para-restauracao-do-museu-zequinha-de-abreu\/","title":{"rendered":"Prefeito assina verba de R$ 1 milh\u00e3o para restaura\u00e7\u00e3o do museu Zequinha de Abreu"},"content":{"rendered":"<p><strong><em>Solenidade aconteceu na quinta-feira, em S\u00e3o Paulo, com a presen\u00e7a tamb\u00e9m de vereadores; projeto foi um dos 140 selecionados, entre 800 inscritos em edital do FID<\/em><\/strong><\/p>\n<p>&nbsp;<\/p>\n<figure id=\"attachment_1987\" aria-describedby=\"caption-attachment-1987\" style=\"width: 300px\" class=\"wp-caption alignleft\"><img decoding=\"async\" class=\"wp-image-1987 size-medium\" src=\"http:\/\/www.santaritadopassaquatro.sp.gov.br\/portal\/wp-content\/uploads\/2019\/08\/assinatura_FID_museu-300x200.jpg\" alt=\"\" width=\"300\" height=\"200\" srcset=\"https:\/\/www.santaritadopassaquatro.sp.gov.br\/portal\/wp-content\/uploads\/2019\/08\/assinatura_FID_museu-300x200.jpg 300w, https:\/\/www.santaritadopassaquatro.sp.gov.br\/portal\/wp-content\/uploads\/2019\/08\/assinatura_FID_museu-768x512.jpg 768w, https:\/\/www.santaritadopassaquatro.sp.gov.br\/portal\/wp-content\/uploads\/2019\/08\/assinatura_FID_museu-1024x683.jpg 1024w\" sizes=\"(max-width: 300px) 100vw, 300px\" \/><figcaption id=\"caption-attachment-1987\" class=\"wp-caption-text\"><span style=\"font-size: 8pt; color: #999999;\"><em><strong>Governador em exerc\u00edcio, secret\u00e1rios estaduais, com o prefeito e vereadores durante solenidade de assinatura do conv\u00eanio FID em S\u00e3o Paulo (Divulga\u00e7\u00e3o)<\/strong><\/em><\/span><\/figcaption><\/figure>\n<p>O prefeito de Santa Rita do Passa Quatro, Leandro Luciano dos Santos, acompanhado dos vereadores Juliana Garcia Lorencetti, Kl\u00e9ber Alessandro Borotto, Lucas Comin Loureiro e Luiz Carlos Bariotto, nesta quinta-feira (8\/8), assinou conv\u00eanio com o Governo do Estado de S\u00e3o Paulo para restaura\u00e7\u00e3o do Museu Zequinha de Abreu, um dos mais importantes pontos tur\u00edsticos da cidade.<\/p>\n<p>A solenidade aconteceu no Pal\u00e1cio dos Bandeirantes, sede do governo paulista, com a presen\u00e7a do governador em exerc\u00edcio Rodrigo Garcia, do secret\u00e1rio de Desenvolvimento Regional, Marco Vinholi e do secret\u00e1rio da Justi\u00e7a e Cidadania, Paulo Dimas Mascaretti. O conv\u00eanio \u00e9 de cerca de R$ 1 milh\u00e3o, por meio de recursos do Fundo Estadual de Defesa dos Interesses Difusos (FID), gerido pela Secretaria da Justi\u00e7a e Cidadania.<\/p>\n<figure id=\"attachment_1986\" aria-describedby=\"caption-attachment-1986\" style=\"width: 300px\" class=\"wp-caption alignright\"><img decoding=\"async\" class=\"wp-image-1986 size-medium\" src=\"http:\/\/www.santaritadopassaquatro.sp.gov.br\/portal\/wp-content\/uploads\/2019\/08\/assinatura_FID_museu02-300x202.jpg\" alt=\"\" width=\"300\" height=\"202\" srcset=\"https:\/\/www.santaritadopassaquatro.sp.gov.br\/portal\/wp-content\/uploads\/2019\/08\/assinatura_FID_museu02-300x202.jpg 300w, https:\/\/www.santaritadopassaquatro.sp.gov.br\/portal\/wp-content\/uploads\/2019\/08\/assinatura_FID_museu02-768x518.jpg 768w, https:\/\/www.santaritadopassaquatro.sp.gov.br\/portal\/wp-content\/uploads\/2019\/08\/assinatura_FID_museu02.jpg 869w\" sizes=\"(max-width: 300px) 100vw, 300px\" \/><figcaption id=\"caption-attachment-1986\" class=\"wp-caption-text\"><span style=\"font-size: 8pt; color: #999999;\"><em><strong>Tombando com patrim\u00f4nio hist\u00f3rico, projeto de restaura\u00e7\u00e3o do museu foi aprovado pelo Condephaat (Arquivo\/Divulga\u00e7\u00e3o)<\/strong><\/em><\/span><\/figcaption><\/figure>\n<p>Considerado um dos cart\u00f5es postais da cidade, o Museu Zequinha de Abreu, que no passado abriu a esta\u00e7\u00e3o ferrovi\u00e1ria da Companhia Paulista, \u00e9 tombado como patrim\u00f4nio hist\u00f3rico pelo Condephaat (Conselho de Defesa do Patrim\u00f4nio Hist\u00f3rico, Arqueol\u00f3gico, Art\u00edstico e Tur\u00edstico), e por isso a projeto elaborado pelo Departamento Municipal de Obras e Infraestrutura, precisou passar por analise e aprova\u00e7\u00e3o do \u00f3rg\u00e3o, pelo seu valor cultural.<\/p>\n<p>O FID \u00e9 um fundo mantido por a\u00e7\u00f5es civis p\u00fablicas destinado ao ressarcimento \u00e0 coletividade, dos danos causados ao meio ambiente, ao consumidor, a bens e direitos de valor art\u00edstico, est\u00e9tico, hist\u00f3rico, tur\u00edstico e paisag\u00edstico, no Estado de S\u00e3o Paulo.<\/p>\n<p>Al\u00e9m de Santa Rita, outros 14 munic\u00edpios paulistas tamb\u00e9m assinaram o conv\u00eanio no mesmo dia. Arco-\u00cdris, Arealva, Auriflama, Floreal, Ibirarema, Ilha Solteira, Itupeva, Lourdes, Maced\u00f4nia, Nipo\u00e3, Santa Cruz da Concei\u00e7\u00e3o, Tiet\u00ea, Ubarana e Uch\u00f4a. No total, 800 projetos foram encaminhados para o FID. Destes, apenas 140 foram aprovados e Santa Rita est\u00e1 entre os 15 primeiros munic\u00edpios beneficiados.<\/p>\n<p>\u201cAl\u00e9m de um patrim\u00f4nio cultural, nosso museu \u00e9 tamb\u00e9m um dos cart\u00f5es postais da cidade e esta restaura\u00e7\u00e3o vem a somar a outros projetos em andamento, da administra\u00e7\u00e3o municipal, para desenvolvimento do turismo na nossa est\u00e2ncia\u201d, disse o prefeito.<\/p>\n<p>&nbsp;<\/p>\n<p><strong>\u00a0<\/strong><\/p>\n<p>&nbsp;<\/p>\n<p><em>\u00a0<\/em><\/p>\n<p>&nbsp;<\/p>\n<p>&nbsp;<\/p>\n","protected":false},"excerpt":{"rendered":"<p>Solenidade aconteceu na quinta-feira, em S\u00e3o Paulo, com a presen\u00e7a tamb\u00e9m de vereadores; projeto foi um dos 140 selecionados, entre<\/p>\n","protected":false},"author":1,"featured_media":1987,"comment_status":"closed","ping_status":"open","sticky":false,"template":"","format":"standard","meta":{"footnotes":""},"categories":[44,46,52,57,60],"tags":[],"class_list":["post-1985","post","type-post","status-publish","format-standard","has-post-thumbnail","hentry","category-cidades","category-cultura","category-latest","category-politics","category-turismo"],"_links":{"self":[{"href":"https:\/\/www.santaritadopassaquatro.sp.gov.br\/portal\/wp-json\/wp\/v2\/posts\/1985","targetHints":{"allow":["GET"]}}],"collection":[{"href":"https:\/\/www.santaritadopassaquatro.sp.gov.br\/portal\/wp-json\/wp\/v2\/posts"}],"about":[{"href":"https:\/\/www.santaritadopassaquatro.sp.gov.br\/portal\/wp-json\/wp\/v2\/types\/post"}],"author":[{"embeddable":true,"href":"https:\/\/www.santaritadopassaquatro.sp.gov.br\/portal\/wp-json\/wp\/v2\/users\/1"}],"replies":[{"embeddable":true,"href":"https:\/\/www.santaritadopassaquatro.sp.gov.br\/portal\/wp-json\/wp\/v2\/comments?post=1985"}],"version-history":[{"count":0,"href":"https:\/\/www.santaritadopassaquatro.sp.gov.br\/portal\/wp-json\/wp\/v2\/posts\/1985\/revisions"}],"wp:featuredmedia":[{"embeddable":true,"href":"https:\/\/www.santaritadopassaquatro.sp.gov.br\/portal\/wp-json\/wp\/v2\/media\/1987"}],"wp:attachment":[{"href":"https:\/\/www.santaritadopassaquatro.sp.gov.br\/portal\/wp-json\/wp\/v2\/media?parent=1985"}],"wp:term":[{"taxonomy":"category","embeddable":true,"href":"https:\/\/www.santaritadopassaquatro.sp.gov.br\/portal\/wp-json\/wp\/v2\/categories?post=1985"},{"taxonomy":"post_tag","embeddable":true,"href":"https:\/\/www.santaritadopassaquatro.sp.gov.br\/portal\/wp-json\/wp\/v2\/tags?post=1985"}],"curies":[{"name":"wp","href":"https:\/\/api.w.org\/{rel}","templated":true}]}}