{"id":1996,"date":"2019-08-16T16:30:15","date_gmt":"2019-08-16T19:30:15","guid":{"rendered":"http:\/\/www.santaritadopassaquatro.sp.gov.br\/portal\/?p=1996"},"modified":"2019-08-16T16:30:15","modified_gmt":"2019-08-16T19:30:15","slug":"equipes-tem-ate-sexta-feira-para-inscricoes-no-campeonato-varzeano","status":"publish","type":"post","link":"https:\/\/www.santaritadopassaquatro.sp.gov.br\/portal\/equipes-tem-ate-sexta-feira-para-inscricoes-no-campeonato-varzeano\/","title":{"rendered":"Equipes t\u00eam at\u00e9 sexta-feira para inscri\u00e7\u00f5es no Campeonato Varzeano"},"content":{"rendered":"<p><strong><em>Promovida pelo Departamento Municipal de Esportes, competi\u00e7\u00e3o est\u00e1 programada para come\u00e7ar no dia 1\u00ba de setembro; oito equipe j\u00e1 se inscreveram<\/em><\/strong><\/p>\n<p>&nbsp;<\/p>\n<p><img decoding=\"async\" class=\"alignnone size-medium wp-image-1997 alignleft\" src=\"http:\/\/www.santaritadopassaquatro.sp.gov.br\/portal\/wp-content\/uploads\/2019\/08\/futebol-de-campo_91c1d083-300x200.jpg\" alt=\"\" width=\"300\" height=\"200\" srcset=\"https:\/\/www.santaritadopassaquatro.sp.gov.br\/portal\/wp-content\/uploads\/2019\/08\/futebol-de-campo_91c1d083-300x200.jpg 300w, https:\/\/www.santaritadopassaquatro.sp.gov.br\/portal\/wp-content\/uploads\/2019\/08\/futebol-de-campo_91c1d083.jpg 550w\" sizes=\"(max-width: 300px) 100vw, 300px\" \/>Termina na pr\u00f3xima sexta-feira (23\/8) o prazo de inscri\u00e7\u00f5es no Campeonato Municipal de Futebol Varzeano de Santa Rita do Passa Quatro. As equipes devem fazer suas inscri\u00e7\u00f5es na Quadra Municipal Professor Oscar de Oliveira Alves (ao lado do Instituto Olavo Bilac \u2013 Escola de Com\u00e9rcio), no hor\u00e1rio das 8h \u00e0s 11h e das 13h \u00e0s 17 horas, de segunda a sexta-feira.<\/p>\n<p>At\u00e9 o momento, oito equipes j\u00e1 est\u00e3o inscritas na competi\u00e7\u00e3o e a reuni\u00e3o para sorteio e chaveamento acontece no dia 26 de agosto, \u00e0s 19h30, tamb\u00e9m na Quadra Municipal.<\/p>\n<p>Promovida pelo Departamento Municipal de Esportes (DME) o campeonato mais tradicional do futebol amador do munic\u00edpio est\u00e1 programada par acontecer a partir do dia 1\u00ba de setembro.<\/p>\n<p>O Campeonato Municipal de Futebol Varzeano deve acontecer novamente nos est\u00e1dios Alcides de Freitas (Galo da Comarca), Alciro Ribeiro Meirelles (Cinel\u00e2ndia) e J\u00falio Gon\u00e7alves de Campos (Santa Cruz da Estrela), reunido equipes do munic\u00edpio.<\/p>\n<p>Mais informa\u00e7\u00f5es podem ser obtidas pelo telefone 3582.5598.<\/p>\n<p>&nbsp;<\/p>\n<p><strong>SERVI\u00c7O<br \/>\nCAMPEONATO MUNICIPAL DE FUTEBOL VARZEANO 2019<br \/>\nINSCRI\u00c7\u00d5ES<\/strong>: \u00a0at\u00e9 23\/08.<br \/>\n<strong>LOCAL DAS INCRI\u00c7\u00d5ES: <\/strong>Quadra Municipal Professor Oscar de Oliveira Alves (ao lado do Instituto Olavo Bilac \u2013 Escola de Com\u00e9rcio).<br \/>\n<strong>HOR\u00c1RIOS:<\/strong> das 8h \u00e0s 11h e das 13h \u00e0s 17 horas, de segunda a sexta-feira.<br \/>\n<strong>REUNI\u00c3O PARA O CHAVEAMENTO:<\/strong> 26\/08 \u00e0s 19h30, na Quadra Municipal.<br \/>\n<strong>INICIO PREVISTO DA COMPETI\u00c7\u00c3O:<\/strong> 1\u00ba de setembro de 2019.<\/p>\n","protected":false},"excerpt":{"rendered":"<p>Promovida pelo Departamento Municipal de Esportes, competi\u00e7\u00e3o est\u00e1 programada para come\u00e7ar no dia 1\u00ba de setembro; oito equipe j\u00e1 se<\/p>\n","protected":false},"author":1,"featured_media":1997,"comment_status":"closed","ping_status":"open","sticky":false,"template":"","format":"standard","meta":{"footnotes":""},"categories":[51],"tags":[],"class_list":["post-1996","post","type-post","status-publish","format-standard","has-post-thumbnail","hentry","category-sports"],"_links":{"self":[{"href":"https:\/\/www.santaritadopassaquatro.sp.gov.br\/portal\/wp-json\/wp\/v2\/posts\/1996","targetHints":{"allow":["GET"]}}],"collection":[{"href":"https:\/\/www.santaritadopassaquatro.sp.gov.br\/portal\/wp-json\/wp\/v2\/posts"}],"about":[{"href":"https:\/\/www.santaritadopassaquatro.sp.gov.br\/portal\/wp-json\/wp\/v2\/types\/post"}],"author":[{"embeddable":true,"href":"https:\/\/www.santaritadopassaquatro.sp.gov.br\/portal\/wp-json\/wp\/v2\/users\/1"}],"replies":[{"embeddable":true,"href":"https:\/\/www.santaritadopassaquatro.sp.gov.br\/portal\/wp-json\/wp\/v2\/comments?post=1996"}],"version-history":[{"count":0,"href":"https:\/\/www.santaritadopassaquatro.sp.gov.br\/portal\/wp-json\/wp\/v2\/posts\/1996\/revisions"}],"wp:featuredmedia":[{"embeddable":true,"href":"https:\/\/www.santaritadopassaquatro.sp.gov.br\/portal\/wp-json\/wp\/v2\/media\/1997"}],"wp:attachment":[{"href":"https:\/\/www.santaritadopassaquatro.sp.gov.br\/portal\/wp-json\/wp\/v2\/media?parent=1996"}],"wp:term":[{"taxonomy":"category","embeddable":true,"href":"https:\/\/www.santaritadopassaquatro.sp.gov.br\/portal\/wp-json\/wp\/v2\/categories?post=1996"},{"taxonomy":"post_tag","embeddable":true,"href":"https:\/\/www.santaritadopassaquatro.sp.gov.br\/portal\/wp-json\/wp\/v2\/tags?post=1996"}],"curies":[{"name":"wp","href":"https:\/\/api.w.org\/{rel}","templated":true}]}}