{"id":2006,"date":"2019-08-16T16:44:07","date_gmt":"2019-08-16T19:44:07","guid":{"rendered":"http:\/\/www.santaritadopassaquatro.sp.gov.br\/portal\/?p=2006"},"modified":"2019-08-16T16:44:07","modified_gmt":"2019-08-16T19:44:07","slug":"oportunidade-inscricoes-para-capacitacao-gratuita-seguem-ate-sexta-feira","status":"publish","type":"post","link":"https:\/\/www.santaritadopassaquatro.sp.gov.br\/portal\/oportunidade-inscricoes-para-capacitacao-gratuita-seguem-ate-sexta-feira\/","title":{"rendered":"OPORTUNIDADE:\u00a0Inscri\u00e7\u00f5es para capacita\u00e7\u00e3o gratuita seguem at\u00e9 sexta-feira"},"content":{"rendered":"<p><strong><em>Atendimento ao cliente \u00e9 tema de curso gratuito promovido pela Funda\u00e7\u00e3o Salvador Arena em parceria com a prefeitura Municipal, no Centro Cultural M\u00e1rio Covas<\/em><\/strong><\/p>\n<p><strong><em>\u00a0<\/em><\/strong><\/p>\n<p><img decoding=\"async\" class=\"alignnone size-medium wp-image-1864 alignleft\" src=\"http:\/\/www.santaritadopassaquatro.sp.gov.br\/portal\/wp-content\/uploads\/2019\/07\/WhatsApp-Image-2019-07-25-at-11.05.28-212x300.jpeg\" alt=\"\" width=\"212\" height=\"300\" srcset=\"https:\/\/www.santaritadopassaquatro.sp.gov.br\/portal\/wp-content\/uploads\/2019\/07\/WhatsApp-Image-2019-07-25-at-11.05.28-212x300.jpeg 212w, https:\/\/www.santaritadopassaquatro.sp.gov.br\/portal\/wp-content\/uploads\/2019\/07\/WhatsApp-Image-2019-07-25-at-11.05.28.jpeg 660w\" sizes=\"(max-width: 212px) 100vw, 212px\" \/>Termina nesta sexta-feira (23\/8) o prazo de inscri\u00e7\u00f5es para a capacita\u00e7\u00e3o gratuita em Atendimento ao Cliente promovida pela Funda\u00e7\u00e3o Salvador Arena, atrav\u00e9s da Faculdade de Tecnologia e Termomec\u00e2nica, em parceria coma Prefeitura Municipal de Santa Rita do Passa Quatro. As inscri\u00e7\u00f5es devem ser feitas no Sebrae Aqui Santa Rita, que fica na Avenida Severino Meirelles, 1230 \u2013 Centro, de segunda a sexta-feira, das 8h \u00e0s 11h e das 13h \u00e1s 17 horas. As vagas s\u00e3o limitadas.<\/p>\n<p>A capacita\u00e7\u00e3o \u00e9 aberta ao p\u00fablico e capacita\u00e7\u00e3o ser\u00e1 realizada nos dias 28 e 29 de agosto, quarta e quinta-feira, das 18h30 \u00e0s 21h30, no Centro Cultural M\u00e1rio Covas. O conte\u00fado program\u00e1tico do curso conta com an\u00e1lise de mercado, consumidor e cliente, tipos de atendimento (presencial, balc\u00e3o, virtual e fora do estabelecimento), componentes de atendimento, comportamento de clientes, fideliza\u00e7\u00e3o, modelos de atendimento, promo\u00e7\u00e3o de venda, <em>lay out <\/em>e planejamento de atendimento.<\/p>\n<p>A a\u00e7\u00e3o conta com apoio da Prefeitura Municipal, atrav\u00e9s do Plano Municipal de Desenvolvimento.<\/p>\n","protected":false},"excerpt":{"rendered":"<p>Atendimento ao cliente \u00e9 tema de curso gratuito promovido pela Funda\u00e7\u00e3o Salvador Arena em parceria com a prefeitura Municipal, no<\/p>\n","protected":false},"author":1,"featured_media":1864,"comment_status":"closed","ping_status":"open","sticky":false,"template":"","format":"standard","meta":{"footnotes":""},"categories":[47,56],"tags":[],"class_list":["post-2006","post","type-post","status-publish","format-standard","has-post-thumbnail","hentry","category-desenvovimento","category-oportunidade"],"_links":{"self":[{"href":"https:\/\/www.santaritadopassaquatro.sp.gov.br\/portal\/wp-json\/wp\/v2\/posts\/2006","targetHints":{"allow":["GET"]}}],"collection":[{"href":"https:\/\/www.santaritadopassaquatro.sp.gov.br\/portal\/wp-json\/wp\/v2\/posts"}],"about":[{"href":"https:\/\/www.santaritadopassaquatro.sp.gov.br\/portal\/wp-json\/wp\/v2\/types\/post"}],"author":[{"embeddable":true,"href":"https:\/\/www.santaritadopassaquatro.sp.gov.br\/portal\/wp-json\/wp\/v2\/users\/1"}],"replies":[{"embeddable":true,"href":"https:\/\/www.santaritadopassaquatro.sp.gov.br\/portal\/wp-json\/wp\/v2\/comments?post=2006"}],"version-history":[{"count":0,"href":"https:\/\/www.santaritadopassaquatro.sp.gov.br\/portal\/wp-json\/wp\/v2\/posts\/2006\/revisions"}],"wp:featuredmedia":[{"embeddable":true,"href":"https:\/\/www.santaritadopassaquatro.sp.gov.br\/portal\/wp-json\/wp\/v2\/media\/1864"}],"wp:attachment":[{"href":"https:\/\/www.santaritadopassaquatro.sp.gov.br\/portal\/wp-json\/wp\/v2\/media?parent=2006"}],"wp:term":[{"taxonomy":"category","embeddable":true,"href":"https:\/\/www.santaritadopassaquatro.sp.gov.br\/portal\/wp-json\/wp\/v2\/categories?post=2006"},{"taxonomy":"post_tag","embeddable":true,"href":"https:\/\/www.santaritadopassaquatro.sp.gov.br\/portal\/wp-json\/wp\/v2\/tags?post=2006"}],"curies":[{"name":"wp","href":"https:\/\/api.w.org\/{rel}","templated":true}]}}