{"id":2008,"date":"2019-08-16T16:45:25","date_gmt":"2019-08-16T19:45:25","guid":{"rendered":"http:\/\/www.santaritadopassaquatro.sp.gov.br\/portal\/?p=2008"},"modified":"2019-08-16T16:45:25","modified_gmt":"2019-08-16T19:45:25","slug":"biodiversidade-educacao-ambiental-e-sustentabilidade-2","status":"publish","type":"post","link":"https:\/\/www.santaritadopassaquatro.sp.gov.br\/portal\/biodiversidade-educacao-ambiental-e-sustentabilidade-2\/","title":{"rendered":"Biodiversidade, Educa\u00e7\u00e3o Ambiental e Sustentabilidade"},"content":{"rendered":"<p><strong><em>Por: Rodrigo Torres Cardoso<\/em><\/strong><em><br \/>\nDiretor Dep. Agricultura e Meio Ambiente <\/em><\/p>\n<p>&nbsp;<\/p>\n<p><img decoding=\"async\" class=\"alignnone size-medium wp-image-1900\" src=\"http:\/\/www.santaritadopassaquatro.sp.gov.br\/portal\/wp-content\/uploads\/2019\/08\/Coluna-Meio-Ambiente-300x116.jpg\" alt=\"\" width=\"300\" height=\"116\" srcset=\"https:\/\/www.santaritadopassaquatro.sp.gov.br\/portal\/wp-content\/uploads\/2019\/08\/Coluna-Meio-Ambiente-300x116.jpg 300w, https:\/\/www.santaritadopassaquatro.sp.gov.br\/portal\/wp-content\/uploads\/2019\/08\/Coluna-Meio-Ambiente-768x297.jpg 768w, https:\/\/www.santaritadopassaquatro.sp.gov.br\/portal\/wp-content\/uploads\/2019\/08\/Coluna-Meio-Ambiente-1024x396.jpg 1024w\" sizes=\"(max-width: 300px) 100vw, 300px\" \/><\/p>\n<p>Com t\u00edtulo \u201cBiodiversidade, Educa\u00e7\u00e3o Ambiental e Sustentabilidade\u201d, o Departamento de Meio Ambiente da Prefeitura Municipal de Santa Rita do Passa Quatro est\u00e1 divulgando semanalmente suas a\u00e7\u00f5es e assuntos de interesse ligados a quest\u00e3o ambiental. Confira a seguir.<\/p>\n<p><em>As arvores de uma cidade tem papel muito importante na qualidade de vida da popula\u00e7\u00e3o. Muitas vezes vistas como \u201cestorvo\u201d por muitas pessoas, por causarem alguns danos \u00e0s cal\u00e7adas, muros, sujeira com folhas e galhos, elas v\u00e3o muito al\u00e9m disso. A balan\u00e7a nesse caso pesa muito mais para o lado da arvore, que proporciona sombra, umidade e qualidade para o ar, diminui\u00e7\u00e3o da temperatura, produ\u00e7\u00e3o de oxig\u00eanio, produ\u00e7\u00e3o de frutos que geram alimento a pessoas e animais, abrigo para animais, melhoramento visual das ruas, melhoramento da drenagem de \u00e1guas superficiais, entre outras coisas que cada esp\u00e9cie de arvore pode proporcionar. <\/em><\/p>\n<p><em>A simples presen\u00e7a de uma arvore na cal\u00e7ada pode incomodar a pessoa, por\u00e9m a retirada, muitas vezes sem nenhum motivo realmente justo, \u00e9 a primeira alternativa a ser escolhida. A j\u00e1 citada \u201cbalan\u00e7a\u201d deveria ser mais utilizada nas tomadas de decis\u00e3o, e a determina\u00e7\u00e3o por corta-la, deveria ser tomada em \u00faltimo caso, j\u00e1 que o desenvolvimento de uma \u00e1rvore \u00e9 lento e os resultados s\u00e3o a longo prazo. Entretanto esse tempo a ser esperado pelos benef\u00edcios n\u00e3o deve ser encarado como empecilho, e sim como investimento para melhorias futuras, j\u00e1 que algumas esp\u00e9cies adquirem um bom tamanho em 4 ou 5 anos.\u00a0 <\/em><\/p>\n<p><em>Outra quest\u00e3o relacionada \u00e0s \u00e1rvores \u00e9 a PODA, e esse tema tamb\u00e9m se torna importante j\u00e1 que a mentalidade de muitas pessoas ainda \u00e9 bem limitada, e o que geralmente acaba ocorrendo \u00e9 a poda dita DR\u00c1STICA, muitas vezes at\u00e9 com boas inten\u00e7\u00f5es, entretanto \u00e9 preciso ter muita cautela ao se praticar a poda, sendo recomendado que se retire no m\u00e1ximo 30% da copa, e que se fa\u00e7a os cortes nas posi\u00e7\u00f5es e galhos corretos. Quando se retira mais que 30% da folhagem, a arvore sofre para se recuperar, j\u00e1 que depende das folhas para fabrica\u00e7\u00e3o de seu alimento, al\u00e9m de ficar exposta a v\u00e1rios tipos de doen\u00e7as. <\/em><\/p>\n<p><em>O Departamento de Agricultura e Meio Ambiente disponibiliza um trabalho de doa\u00e7\u00e3o e plantio de arvores na \u00e1rea urbana, poda e manuten\u00e7\u00e3o de cal\u00e7adas, orienta\u00e7\u00f5es de procedimento de poda e plantio, e qualquer outra d\u00favida relacionada \u00e0 arboriza\u00e7\u00e3o urbana, basta entrar em contato com o Departamento de Agricultura e Meio Ambiente pelo telefone 3582-9004. <\/em><\/p>\n<p><em>\u00a0\u00a0\u00a0\u00a0\u00a0\u00a0 <\/em><\/p>\n<p><em>\u00a0\u00a0\u00a0\u00a0\u00a0\u00a0\u00a0\u00a0\u00a0\u00a0\u00a0 \u00a0\u00a0\u00a0\u00a0\u00a0\u00a0\u00a0\u00a0\u00a0\u00a0\u00a0 <\/em><\/p>\n<p>&nbsp;<\/p>\n<p>&nbsp;<\/p>\n","protected":false},"excerpt":{"rendered":"<p>Por: Rodrigo Torres Cardoso Diretor Dep. Agricultura e Meio Ambiente &nbsp; Com t\u00edtulo \u201cBiodiversidade, Educa\u00e7\u00e3o Ambiental e Sustentabilidade\u201d, o Departamento<\/p>\n","protected":false},"author":1,"featured_media":1900,"comment_status":"closed","ping_status":"open","sticky":false,"template":"","format":"standard","meta":{"footnotes":""},"categories":[53],"tags":[],"class_list":["post-2008","post","type-post","status-publish","format-standard","has-post-thumbnail","hentry","category-meio-ambiente"],"_links":{"self":[{"href":"https:\/\/www.santaritadopassaquatro.sp.gov.br\/portal\/wp-json\/wp\/v2\/posts\/2008","targetHints":{"allow":["GET"]}}],"collection":[{"href":"https:\/\/www.santaritadopassaquatro.sp.gov.br\/portal\/wp-json\/wp\/v2\/posts"}],"about":[{"href":"https:\/\/www.santaritadopassaquatro.sp.gov.br\/portal\/wp-json\/wp\/v2\/types\/post"}],"author":[{"embeddable":true,"href":"https:\/\/www.santaritadopassaquatro.sp.gov.br\/portal\/wp-json\/wp\/v2\/users\/1"}],"replies":[{"embeddable":true,"href":"https:\/\/www.santaritadopassaquatro.sp.gov.br\/portal\/wp-json\/wp\/v2\/comments?post=2008"}],"version-history":[{"count":0,"href":"https:\/\/www.santaritadopassaquatro.sp.gov.br\/portal\/wp-json\/wp\/v2\/posts\/2008\/revisions"}],"wp:featuredmedia":[{"embeddable":true,"href":"https:\/\/www.santaritadopassaquatro.sp.gov.br\/portal\/wp-json\/wp\/v2\/media\/1900"}],"wp:attachment":[{"href":"https:\/\/www.santaritadopassaquatro.sp.gov.br\/portal\/wp-json\/wp\/v2\/media?parent=2008"}],"wp:term":[{"taxonomy":"category","embeddable":true,"href":"https:\/\/www.santaritadopassaquatro.sp.gov.br\/portal\/wp-json\/wp\/v2\/categories?post=2008"},{"taxonomy":"post_tag","embeddable":true,"href":"https:\/\/www.santaritadopassaquatro.sp.gov.br\/portal\/wp-json\/wp\/v2\/tags?post=2008"}],"curies":[{"name":"wp","href":"https:\/\/api.w.org\/{rel}","templated":true}]}}