{"id":2010,"date":"2019-08-16T16:47:25","date_gmt":"2019-08-16T19:47:25","guid":{"rendered":"http:\/\/www.santaritadopassaquatro.sp.gov.br\/portal\/?p=2010"},"modified":"2019-08-16T16:47:25","modified_gmt":"2019-08-16T19:47:25","slug":"espaco-verde-e-reinaugurado-na-biblioteca-municipal","status":"publish","type":"post","link":"https:\/\/www.santaritadopassaquatro.sp.gov.br\/portal\/espaco-verde-e-reinaugurado-na-biblioteca-municipal\/","title":{"rendered":"Espa\u00e7o Verde \u00e9 reinaugurado na Biblioteca Municipal"},"content":{"rendered":"<p><strong><em>Local \u00e9 destinado a educa\u00e7\u00e3o ambiental e escolas da rede p\u00fablica e privada podem agendar visitas <\/em><\/strong><\/p>\n<p>&nbsp;<\/p>\n<figure id=\"attachment_2011\" aria-describedby=\"caption-attachment-2011\" style=\"width: 300px\" class=\"wp-caption alignleft\"><img decoding=\"async\" class=\"wp-image-2011 size-medium\" src=\"http:\/\/www.santaritadopassaquatro.sp.gov.br\/portal\/wp-content\/uploads\/2019\/08\/espaco_verde_prefeito-300x225.jpeg\" alt=\"\" width=\"300\" height=\"225\" srcset=\"https:\/\/www.santaritadopassaquatro.sp.gov.br\/portal\/wp-content\/uploads\/2019\/08\/espaco_verde_prefeito-300x225.jpeg 300w, https:\/\/www.santaritadopassaquatro.sp.gov.br\/portal\/wp-content\/uploads\/2019\/08\/espaco_verde_prefeito-768x576.jpeg 768w, https:\/\/www.santaritadopassaquatro.sp.gov.br\/portal\/wp-content\/uploads\/2019\/08\/espaco_verde_prefeito.jpeg 1024w\" sizes=\"(max-width: 300px) 100vw, 300px\" \/><figcaption id=\"caption-attachment-2011\" class=\"wp-caption-text\"><span style=\"font-size: 8pt; color: #999999;\"><em><strong>Prefeito e diretor de Meio Ambiente com membros do Comdema, durante reinaugura\u00e7\u00e3o da Sala Verde, na Biblioteca Municipal \u00a0(Divulga\u00e7\u00e3o)<\/strong><\/em><\/span><\/figcaption><\/figure>\n<p>O Departamento de Meio Ambiente da Prefeitura Municipal de Santa Rita do Passa Quatro reinaugurou na noite desta quinta-feira (15\/80) o Espa\u00e7o Verde. Destinado a educa\u00e7\u00e3o ambiental, o local montado na Biblioteca Municipal Evandro Mesquita (Centro Cultural Mario Covas), cont\u00e9m material did\u00e1tico, incluindo gibis que poder\u00e3o ser levados para casa pelos visitantes, e exposi\u00e7\u00e3o de animais empalhados.<\/p>\n<p>Escolas das redes p\u00fablica e privadas podem agendar visitas monitoradas ao Espa\u00e7o Verde dos seus alunos, para atividades como palestras sobre meio ambiente, especialmente a biodiversidade do munic\u00edpio, al\u00e9m de atividades com foco na import\u00e2ncia da preserva\u00e7\u00e3o da fauna e flora, entre outros.<\/p>\n<p>A reinaugura\u00e7\u00e3o aconteceu junto \u00e0 reuni\u00e3o do Comdema (Conselho Municipal do Meio Ambiente) e contou com a presen\u00e7a do prefeito Leandro Luciano dos Santos e do diretor do Departamento Municipal de Meio Ambiente, Rodrigo Torres Cardoso.<\/p>\n<p>De acordo com o Departamento, o Espa\u00e7o Verde \u00e9 provis\u00f3rio pois em breve ser\u00e1 montada novamente a Sala Verde, em novo local, ampliando inclusive as atividades oferecidas.<\/p>\n<p>A a\u00e7\u00e3o tamb\u00e9m faz parte do ciclo 2019 do Programa Munic\u00edpio Verde Azul prevista na diretiva Educa\u00e7\u00e3o Ambiental.<\/p>\n<p><strong>\u00a0<\/strong><\/p>\n<p>&nbsp;<\/p>\n<p>&nbsp;<\/p>\n<p>&nbsp;<\/p>\n<p>&nbsp;<\/p>\n","protected":false},"excerpt":{"rendered":"<p>Local \u00e9 destinado a educa\u00e7\u00e3o ambiental e escolas da rede p\u00fablica e privada podem agendar visitas &nbsp; O Departamento de<\/p>\n","protected":false},"author":1,"featured_media":2012,"comment_status":"closed","ping_status":"open","sticky":false,"template":"","format":"standard","meta":{"footnotes":""},"categories":[28,53],"tags":[],"class_list":["post-2010","post","type-post","status-publish","format-standard","has-post-thumbnail","hentry","category-educacao","category-meio-ambiente"],"_links":{"self":[{"href":"https:\/\/www.santaritadopassaquatro.sp.gov.br\/portal\/wp-json\/wp\/v2\/posts\/2010","targetHints":{"allow":["GET"]}}],"collection":[{"href":"https:\/\/www.santaritadopassaquatro.sp.gov.br\/portal\/wp-json\/wp\/v2\/posts"}],"about":[{"href":"https:\/\/www.santaritadopassaquatro.sp.gov.br\/portal\/wp-json\/wp\/v2\/types\/post"}],"author":[{"embeddable":true,"href":"https:\/\/www.santaritadopassaquatro.sp.gov.br\/portal\/wp-json\/wp\/v2\/users\/1"}],"replies":[{"embeddable":true,"href":"https:\/\/www.santaritadopassaquatro.sp.gov.br\/portal\/wp-json\/wp\/v2\/comments?post=2010"}],"version-history":[{"count":1,"href":"https:\/\/www.santaritadopassaquatro.sp.gov.br\/portal\/wp-json\/wp\/v2\/posts\/2010\/revisions"}],"predecessor-version":[{"id":2013,"href":"https:\/\/www.santaritadopassaquatro.sp.gov.br\/portal\/wp-json\/wp\/v2\/posts\/2010\/revisions\/2013"}],"wp:featuredmedia":[{"embeddable":true,"href":"https:\/\/www.santaritadopassaquatro.sp.gov.br\/portal\/wp-json\/wp\/v2\/media\/2012"}],"wp:attachment":[{"href":"https:\/\/www.santaritadopassaquatro.sp.gov.br\/portal\/wp-json\/wp\/v2\/media?parent=2010"}],"wp:term":[{"taxonomy":"category","embeddable":true,"href":"https:\/\/www.santaritadopassaquatro.sp.gov.br\/portal\/wp-json\/wp\/v2\/categories?post=2010"},{"taxonomy":"post_tag","embeddable":true,"href":"https:\/\/www.santaritadopassaquatro.sp.gov.br\/portal\/wp-json\/wp\/v2\/tags?post=2010"}],"curies":[{"name":"wp","href":"https:\/\/api.w.org\/{rel}","templated":true}]}}