{"id":2018,"date":"2019-08-16T16:51:16","date_gmt":"2019-08-16T19:51:16","guid":{"rendered":"http:\/\/www.santaritadopassaquatro.sp.gov.br\/portal\/?p=2018"},"modified":"2019-08-16T16:51:16","modified_gmt":"2019-08-16T19:51:16","slug":"cursinho-comunitario-gratuito-tera-aula-inaugural-neste-sabado","status":"publish","type":"post","link":"https:\/\/www.santaritadopassaquatro.sp.gov.br\/portal\/cursinho-comunitario-gratuito-tera-aula-inaugural-neste-sabado\/","title":{"rendered":"Cursinho comunit\u00e1rio gratuito ter\u00e1 aula inaugural neste s\u00e1bado"},"content":{"rendered":"<p><strong><em>Aberta \u00e0 popula\u00e7\u00e3o, iniciativa de ONG conta com apoio da Prefeitura Municipal; aulas ser\u00e3o aos s\u00e1bados, no Centro Profissionalizante <\/em><\/strong><\/p>\n<p><strong><em>\u00a0<\/em><\/strong><\/p>\n<p><img decoding=\"async\" class=\"alignnone size-medium wp-image-1917 alignleft\" src=\"http:\/\/www.santaritadopassaquatro.sp.gov.br\/portal\/wp-content\/uploads\/2019\/08\/semeando-300x300.jpg\" alt=\"\" width=\"300\" height=\"300\" srcset=\"https:\/\/www.santaritadopassaquatro.sp.gov.br\/portal\/wp-content\/uploads\/2019\/08\/semeando-300x300.jpg 300w, https:\/\/www.santaritadopassaquatro.sp.gov.br\/portal\/wp-content\/uploads\/2019\/08\/semeando-150x150.jpg 150w, https:\/\/www.santaritadopassaquatro.sp.gov.br\/portal\/wp-content\/uploads\/2019\/08\/semeando.jpg 530w\" sizes=\"(max-width: 300px) 100vw, 300px\" \/>Com apoio da Prefeitura Municipal de em Santa Rita do Passa Quatro, a ONG (Organiza\u00e7\u00e3o N\u00e3o Governamental) Semeando Mais Vidas promove neste s\u00e1bado (17\/8) a aula inaugural do cursinho comunit\u00e1rio gratuito destinado a pessoas que est\u00e3o est\u00e1 em busca de vagas na faculdade ou de trabalho em concursos p\u00fablicos.<\/p>\n<p>A aula acontece \u00e0 partir das 14h30, no Centro Profissionalizante M\u00e1rcia de Souza Menegassi (antigo Sesi), com presen\u00e7a de dirigentes da ONG, professores volunt\u00e1rios e representantes da Prefeitura Municipal.<\/p>\n<p>O objetivo \u00e9 promover a oportunidade das pessoas se prepararem para provas, como aulas aos s\u00e1bados. O cursinho preparat\u00f3rio \u00e9 destinado a pessoas que desejam prestar ENEM, vestibulares, concursos p\u00fablicos, Vestibulinho ETEC e at\u00e9 escolas militares.<\/p>\n<p>Os professores ser\u00e3o volunt\u00e1rios e podem participar especialmente estudantes de 1\u00ba e 2\u00ba do ensino m\u00e9dio, 9\u00ba ano do ensino fundamental (que almejam uma vaga nas ETECs), al\u00e9m de pessoas que se interessam em prestar concursos p\u00fablicos. As aulas prioritariamente ser\u00e3o de portugu\u00eas e matem\u00e1tica, mas outras disciplinas poder\u00e3o ser inclu\u00eddas, de acordo com a necessidade.<\/p>\n<p>Com sede em Porto Ferreira, a ONG Semeando Mais Vidas atua desde 2005 principalmente na \u00e1rea de sa\u00fade.<\/p>\n<p>&nbsp;<\/p>\n","protected":false},"excerpt":{"rendered":"<p>Aberta \u00e0 popula\u00e7\u00e3o, iniciativa de ONG conta com apoio da Prefeitura Municipal; aulas ser\u00e3o aos s\u00e1bados, no Centro Profissionalizante \u00a0<\/p>\n","protected":false},"author":1,"featured_media":1917,"comment_status":"closed","ping_status":"open","sticky":false,"template":"","format":"standard","meta":{"footnotes":""},"categories":[28,56],"tags":[],"class_list":["post-2018","post","type-post","status-publish","format-standard","has-post-thumbnail","hentry","category-educacao","category-oportunidade"],"_links":{"self":[{"href":"https:\/\/www.santaritadopassaquatro.sp.gov.br\/portal\/wp-json\/wp\/v2\/posts\/2018","targetHints":{"allow":["GET"]}}],"collection":[{"href":"https:\/\/www.santaritadopassaquatro.sp.gov.br\/portal\/wp-json\/wp\/v2\/posts"}],"about":[{"href":"https:\/\/www.santaritadopassaquatro.sp.gov.br\/portal\/wp-json\/wp\/v2\/types\/post"}],"author":[{"embeddable":true,"href":"https:\/\/www.santaritadopassaquatro.sp.gov.br\/portal\/wp-json\/wp\/v2\/users\/1"}],"replies":[{"embeddable":true,"href":"https:\/\/www.santaritadopassaquatro.sp.gov.br\/portal\/wp-json\/wp\/v2\/comments?post=2018"}],"version-history":[{"count":1,"href":"https:\/\/www.santaritadopassaquatro.sp.gov.br\/portal\/wp-json\/wp\/v2\/posts\/2018\/revisions"}],"predecessor-version":[{"id":2019,"href":"https:\/\/www.santaritadopassaquatro.sp.gov.br\/portal\/wp-json\/wp\/v2\/posts\/2018\/revisions\/2019"}],"wp:featuredmedia":[{"embeddable":true,"href":"https:\/\/www.santaritadopassaquatro.sp.gov.br\/portal\/wp-json\/wp\/v2\/media\/1917"}],"wp:attachment":[{"href":"https:\/\/www.santaritadopassaquatro.sp.gov.br\/portal\/wp-json\/wp\/v2\/media?parent=2018"}],"wp:term":[{"taxonomy":"category","embeddable":true,"href":"https:\/\/www.santaritadopassaquatro.sp.gov.br\/portal\/wp-json\/wp\/v2\/categories?post=2018"},{"taxonomy":"post_tag","embeddable":true,"href":"https:\/\/www.santaritadopassaquatro.sp.gov.br\/portal\/wp-json\/wp\/v2\/tags?post=2018"}],"curies":[{"name":"wp","href":"https:\/\/api.w.org\/{rel}","templated":true}]}}