{"id":2025,"date":"2019-08-16T17:10:42","date_gmt":"2019-08-16T20:10:42","guid":{"rendered":"http:\/\/www.santaritadopassaquatro.sp.gov.br\/portal\/?p=2025"},"modified":"2019-08-16T17:10:42","modified_gmt":"2019-08-16T20:10:42","slug":"prefeito-tem-agenda-em-brasilia-e-preside-mais-uma-reuniao-da-aprecesp","status":"publish","type":"post","link":"https:\/\/www.santaritadopassaquatro.sp.gov.br\/portal\/prefeito-tem-agenda-em-brasilia-e-preside-mais-uma-reuniao-da-aprecesp\/","title":{"rendered":"Prefeito tem agenda em Bras\u00edlia e preside mais uma reuni\u00e3o da Aprecesp"},"content":{"rendered":"<p><strong><em>Visita a Capital Federal teve como objetivo de buscar mais recursos especialmente para a sa\u00fade; reuni\u00e3o na CMN tamb\u00e9m fez parte da viagem<\/em><\/strong><\/p>\n<p>&nbsp;<\/p>\n<figure id=\"attachment_2027\" aria-describedby=\"caption-attachment-2027\" style=\"width: 300px\" class=\"wp-caption alignleft\"><img decoding=\"async\" class=\"wp-image-2027 size-medium\" src=\"http:\/\/www.santaritadopassaquatro.sp.gov.br\/portal\/wp-content\/uploads\/2019\/08\/prefeito_brasilia_fato01_carlos_sampaio-300x200.jpeg\" alt=\"\" width=\"300\" height=\"200\" srcset=\"https:\/\/www.santaritadopassaquatro.sp.gov.br\/portal\/wp-content\/uploads\/2019\/08\/prefeito_brasilia_fato01_carlos_sampaio-300x200.jpeg 300w, https:\/\/www.santaritadopassaquatro.sp.gov.br\/portal\/wp-content\/uploads\/2019\/08\/prefeito_brasilia_fato01_carlos_sampaio-768x512.jpeg 768w, https:\/\/www.santaritadopassaquatro.sp.gov.br\/portal\/wp-content\/uploads\/2019\/08\/prefeito_brasilia_fato01_carlos_sampaio-1024x682.jpeg 1024w, https:\/\/www.santaritadopassaquatro.sp.gov.br\/portal\/wp-content\/uploads\/2019\/08\/prefeito_brasilia_fato01_carlos_sampaio.jpeg 1280w\" sizes=\"(max-width: 300px) 100vw, 300px\" \/><figcaption id=\"caption-attachment-2027\" class=\"wp-caption-text\"><span style=\"font-size: 8pt; color: #999999;\"><em><strong>O prefeito de Santa Rita com seu companheiro de Holambra e Conchal em reuni\u00e3o em busca de recursos junto ao deputado Carlos Sampaio (Divulga\u00e7\u00e3o)<\/strong><\/em><\/span><\/figcaption><\/figure>\n<p>O prefeito de Santa Rita do Passa Quatro, Leandro Luciano dos Santos, esteve esta semana em Bras\u00edlia (DF), onde se encontrou com parlamentares e participou de reuni\u00e3o na sede da Confedera\u00e7\u00e3o Nacional dos Munic\u00edpios (CNM).<\/p>\n<p>Acompanhado dos prefeitos de Holambra, Fernando Fiori de Godoi, e de Conchal, Luiz Vanderlei Magnusson, o chefe do Executivo santa-ritense esteve com o deputado federal Carlos Sampaio, l\u00edder do seu partido, o PSDB, na C\u00e2mara Federal, onde tratou da destina\u00e7\u00e3o de novos recursos para a Santa Casa de Miseric\u00f3rdia de Santa Rita. \u201cTrata-se de uma solicita\u00e7\u00e3o conjunta da diretora do Departamento Municipal de Sa\u00fade, Renata Barioni, do coordenador do Pronto Socorro, o cardiologista Dr. Luiz Octavio Baldin, e o diretor administrativo da entidade, Rafael Vin\u00edcius Romatini\u201d, afirmou o prefeito.<\/p>\n<figure id=\"attachment_2026\" aria-describedby=\"caption-attachment-2026\" style=\"width: 300px\" class=\"wp-caption alignright\"><img decoding=\"async\" class=\"wp-image-2026 size-medium\" src=\"http:\/\/www.santaritadopassaquatro.sp.gov.br\/portal\/wp-content\/uploads\/2019\/08\/prefeito_brasilia_foto2_CNM-300x169.jpeg\" alt=\"\" width=\"300\" height=\"169\" srcset=\"https:\/\/www.santaritadopassaquatro.sp.gov.br\/portal\/wp-content\/uploads\/2019\/08\/prefeito_brasilia_foto2_CNM-300x169.jpeg 300w, https:\/\/www.santaritadopassaquatro.sp.gov.br\/portal\/wp-content\/uploads\/2019\/08\/prefeito_brasilia_foto2_CNM-768x432.jpeg 768w, https:\/\/www.santaritadopassaquatro.sp.gov.br\/portal\/wp-content\/uploads\/2019\/08\/prefeito_brasilia_foto2_CNM-1024x576.jpeg 1024w, https:\/\/www.santaritadopassaquatro.sp.gov.br\/portal\/wp-content\/uploads\/2019\/08\/prefeito_brasilia_foto2_CNM.jpeg 1280w\" sizes=\"(max-width: 300px) 100vw, 300px\" \/><figcaption id=\"caption-attachment-2026\" class=\"wp-caption-text\"><span style=\"font-size: 8pt;\"><strong><em><span style=\"color: #999999;\">Com Marcelo Barbieri, os tr\u00eas prefeitos na sede da Confedera\u00e7\u00e3o Nacional dos Munic\u00edpios\u00a0 (Divulga\u00e7\u00e3o)<\/span><\/em><\/strong><\/span><\/figcaption><\/figure>\n<p>Com agenda na ter\u00e7a e na quarta-feira na Capital Federal, o prefeito tamb\u00e9m esteve na sede da CMN, onde se encontrou com o consultor da Confedera\u00e7\u00e3o Marcelo Barbieri, ex-prefeito de Araraquara e ex-deputado federal. A CNM atualmente tem grande participa\u00e7\u00e3o no debate sobre o Pacto Federativo, em busca de melhor equil\u00edbrio na distribui\u00e7\u00e3o dos recursos federais para os munic\u00edpios.<\/p>\n<p>&nbsp;<\/p>\n<p><strong>Aprecesp <\/strong><\/p>\n<p>Nesta sexta-feira (15\/8) o prefeito seguiu para Ilhabela, no litoral paulista, onde preside\u00a0 \u00a0\u00a0\u00a0\u00a0\u00a0\u00a0a 4\u00aa Reuni\u00e3o Ordin\u00e1ria da Aprecesp (Associa\u00e7\u00e3o das Prefeituras das Cidades Est\u00e2ncias do Estado de S\u00e3o Paulo). A entidade que representa as 70 est\u00e2ncias paulistas tem como objetivo buscar o desenvolvimento do turismo no estado.<\/p>\n<p>&nbsp;<\/p>\n<p>&nbsp;<\/p>\n<p>&nbsp;<\/p>\n<p>&nbsp;<\/p>\n","protected":false},"excerpt":{"rendered":"<p>Visita a Capital Federal teve como objetivo de buscar mais recursos especialmente para a sa\u00fade; reuni\u00e3o na CMN tamb\u00e9m fez<\/p>\n","protected":false},"author":1,"featured_media":2027,"comment_status":"closed","ping_status":"open","sticky":false,"template":"","format":"standard","meta":{"footnotes":""},"categories":[44,52,57,60],"tags":[],"class_list":["post-2025","post","type-post","status-publish","format-standard","has-post-thumbnail","hentry","category-cidades","category-latest","category-politics","category-turismo"],"_links":{"self":[{"href":"https:\/\/www.santaritadopassaquatro.sp.gov.br\/portal\/wp-json\/wp\/v2\/posts\/2025","targetHints":{"allow":["GET"]}}],"collection":[{"href":"https:\/\/www.santaritadopassaquatro.sp.gov.br\/portal\/wp-json\/wp\/v2\/posts"}],"about":[{"href":"https:\/\/www.santaritadopassaquatro.sp.gov.br\/portal\/wp-json\/wp\/v2\/types\/post"}],"author":[{"embeddable":true,"href":"https:\/\/www.santaritadopassaquatro.sp.gov.br\/portal\/wp-json\/wp\/v2\/users\/1"}],"replies":[{"embeddable":true,"href":"https:\/\/www.santaritadopassaquatro.sp.gov.br\/portal\/wp-json\/wp\/v2\/comments?post=2025"}],"version-history":[{"count":0,"href":"https:\/\/www.santaritadopassaquatro.sp.gov.br\/portal\/wp-json\/wp\/v2\/posts\/2025\/revisions"}],"wp:featuredmedia":[{"embeddable":true,"href":"https:\/\/www.santaritadopassaquatro.sp.gov.br\/portal\/wp-json\/wp\/v2\/media\/2027"}],"wp:attachment":[{"href":"https:\/\/www.santaritadopassaquatro.sp.gov.br\/portal\/wp-json\/wp\/v2\/media?parent=2025"}],"wp:term":[{"taxonomy":"category","embeddable":true,"href":"https:\/\/www.santaritadopassaquatro.sp.gov.br\/portal\/wp-json\/wp\/v2\/categories?post=2025"},{"taxonomy":"post_tag","embeddable":true,"href":"https:\/\/www.santaritadopassaquatro.sp.gov.br\/portal\/wp-json\/wp\/v2\/tags?post=2025"}],"curies":[{"name":"wp","href":"https:\/\/api.w.org\/{rel}","templated":true}]}}