{"id":2043,"date":"2019-08-23T16:00:30","date_gmt":"2019-08-23T19:00:30","guid":{"rendered":"http:\/\/www.santaritadopassaquatro.sp.gov.br\/portal\/?p=2043"},"modified":"2019-08-23T16:00:30","modified_gmt":"2019-08-23T19:00:30","slug":"biodiversidade-educacao-ambiental-e-sustentabilidade-3","status":"publish","type":"post","link":"https:\/\/www.santaritadopassaquatro.sp.gov.br\/portal\/biodiversidade-educacao-ambiental-e-sustentabilidade-3\/","title":{"rendered":"Biodiversidade, Educa\u00e7\u00e3o Ambiental e Sustentabilidade"},"content":{"rendered":"<p><strong><em>Por: Rodrigo Torres Cardoso<\/em><\/strong><em><br \/>\nDiretor Dep. Agricultura e Meio Ambiente <\/em><\/p>\n<p><img decoding=\"async\" class=\"alignnone size-medium wp-image-1900 aligncenter\" src=\"http:\/\/www.santaritadopassaquatro.sp.gov.br\/portal\/wp-content\/uploads\/2019\/08\/Coluna-Meio-Ambiente-300x116.jpg\" alt=\"\" width=\"300\" height=\"116\" srcset=\"https:\/\/www.santaritadopassaquatro.sp.gov.br\/portal\/wp-content\/uploads\/2019\/08\/Coluna-Meio-Ambiente-300x116.jpg 300w, https:\/\/www.santaritadopassaquatro.sp.gov.br\/portal\/wp-content\/uploads\/2019\/08\/Coluna-Meio-Ambiente-768x297.jpg 768w, https:\/\/www.santaritadopassaquatro.sp.gov.br\/portal\/wp-content\/uploads\/2019\/08\/Coluna-Meio-Ambiente-1024x396.jpg 1024w\" sizes=\"(max-width: 300px) 100vw, 300px\" \/><\/p>\n<p>Com t\u00edtulo \u201cBiodiversidade, Educa\u00e7\u00e3o Ambiental e Sustentabilidade\u201d, o Departamento de Meio Ambiente da Prefeitura Municipal de Santa Rita do Passa Quatro est\u00e1 divulgando semanalmente suas a\u00e7\u00f5es e assuntos de interesse ligados a quest\u00e3o ambiental. Confira a seguir.<\/p>\n<p><em>Sempre na inten\u00e7\u00e3o de aprimorar os conceitos de educa\u00e7\u00e3o e conserva\u00e7\u00e3o ambiental, o Departamento de Agricultura e Meio Ambiente desenvolve, em parceria com a escola Laura Suriani Barbuio \u2013 CAIC, uma \u201cescolinha\u201d de educa\u00e7\u00e3o ambiental, produ\u00e7\u00e3o de mudas nativas e produ\u00e7\u00e3o sustent\u00e1vel de alimentos. <\/em><\/p>\n<p><em>A a\u00e7\u00e3o \u00e9 feita com a parceria do funcion\u00e1rio Amauri Luizio Restaino, que a tempo j\u00e1 desenvolve, com os alunos, trabalho educativo voltado ao meio ambiente. Toda a estrutura foi montada no espa\u00e7o da escola, estufa, canteiro de germina\u00e7\u00e3o, sistema de irriga\u00e7\u00e3o, local de desenvolvimento p\u00f3s-germina\u00e7\u00e3o, e o trabalho de orienta\u00e7\u00e3o \u00e9 feito pelos funcion\u00e1rios do Departamento de Meio Ambiente atrav\u00e9s de apostila e aulas pr\u00e1ticas semanais. <\/em><\/p>\n<p><em>Aproximadamente 30 alunos fazem parte do projeto e podem adquirir conhecimentos importantes, n\u00e3o somente em rela\u00e7\u00e3o a forma\u00e7\u00e3o das mudas, mas de educa\u00e7\u00e3o ambiental e conduta, que tamb\u00e9m ser\u00e3o abordados nas aulas. <\/em><\/p>\n<p><em>A conscientiza\u00e7\u00e3o em rela\u00e7\u00e3o \u00e0 import\u00e2ncia do meio ambiente deve come\u00e7ar nos primeiros est\u00e1gios do desenvolvimento intelectual de uma pessoa, dessa forma os conceitos se incorporam ao car\u00e1ter do indiv\u00edduo, que assimila e p\u00f5e em pr\u00e1tica muito mais facilmente. O contato direto com as mudas de \u00e1rvores, que ser\u00e3o acompanhadas desde o est\u00e1gio de semente, e a obten\u00e7\u00e3o de alimentos org\u00e2nicos que podem ser consumidos diretamente da horta, ajudam aprimorar conceitos importantes de amor \u00e0 natureza. <\/em><\/p>\n<p><em>Al\u00e9m das hortali\u00e7as usadas pela escola e pela comunidade, de sobra ainda temos as mudas, que plantadas pelos pr\u00f3prios alunos, far\u00e3o tamb\u00e9m seu papel na arboriza\u00e7\u00e3o da cidade.<\/em><\/p>\n<p><em>As aulas s\u00e3o ministradas todas as quintas feiras, as 14h no CAIC, e todos da comunidade est\u00e3o convidados a participar, e junto com as crian\u00e7as, aprender e tamb\u00e9m ensinar.\u00a0\u00a0\u00a0 \u00a0<\/em><\/p>\n<p><em>\u00a0\u00a0\u00a0\u00a0\u00a0\u00a0\u00a0\u00a0\u00a0\u00a0\u00a0 \u00a0\u00a0\u00a0\u00a0\u00a0\u00a0\u00a0\u00a0\u00a0\u00a0\u00a0 \u00a0\u00a0\u00a0\u00a0\u00a0\u00a0\u00a0\u00a0\u00a0\u00a0\u00a0 <\/em><\/p>\n<p>&nbsp;<\/p>\n<p>&nbsp;<\/p>\n","protected":false},"excerpt":{"rendered":"<p>Por: Rodrigo Torres Cardoso Diretor Dep. Agricultura e Meio Ambiente Com t\u00edtulo \u201cBiodiversidade, Educa\u00e7\u00e3o Ambiental e Sustentabilidade\u201d, o Departamento de<\/p>\n","protected":false},"author":1,"featured_media":1900,"comment_status":"closed","ping_status":"open","sticky":false,"template":"","format":"standard","meta":{"footnotes":""},"categories":[48,53],"tags":[],"class_list":["post-2043","post","type-post","status-publish","format-standard","has-post-thumbnail","hentry","category-featured","category-meio-ambiente"],"_links":{"self":[{"href":"https:\/\/www.santaritadopassaquatro.sp.gov.br\/portal\/wp-json\/wp\/v2\/posts\/2043","targetHints":{"allow":["GET"]}}],"collection":[{"href":"https:\/\/www.santaritadopassaquatro.sp.gov.br\/portal\/wp-json\/wp\/v2\/posts"}],"about":[{"href":"https:\/\/www.santaritadopassaquatro.sp.gov.br\/portal\/wp-json\/wp\/v2\/types\/post"}],"author":[{"embeddable":true,"href":"https:\/\/www.santaritadopassaquatro.sp.gov.br\/portal\/wp-json\/wp\/v2\/users\/1"}],"replies":[{"embeddable":true,"href":"https:\/\/www.santaritadopassaquatro.sp.gov.br\/portal\/wp-json\/wp\/v2\/comments?post=2043"}],"version-history":[{"count":0,"href":"https:\/\/www.santaritadopassaquatro.sp.gov.br\/portal\/wp-json\/wp\/v2\/posts\/2043\/revisions"}],"wp:featuredmedia":[{"embeddable":true,"href":"https:\/\/www.santaritadopassaquatro.sp.gov.br\/portal\/wp-json\/wp\/v2\/media\/1900"}],"wp:attachment":[{"href":"https:\/\/www.santaritadopassaquatro.sp.gov.br\/portal\/wp-json\/wp\/v2\/media?parent=2043"}],"wp:term":[{"taxonomy":"category","embeddable":true,"href":"https:\/\/www.santaritadopassaquatro.sp.gov.br\/portal\/wp-json\/wp\/v2\/categories?post=2043"},{"taxonomy":"post_tag","embeddable":true,"href":"https:\/\/www.santaritadopassaquatro.sp.gov.br\/portal\/wp-json\/wp\/v2\/tags?post=2043"}],"curies":[{"name":"wp","href":"https:\/\/api.w.org\/{rel}","templated":true}]}}