{"id":2045,"date":"2019-08-23T16:02:49","date_gmt":"2019-08-23T19:02:49","guid":{"rendered":"http:\/\/www.santaritadopassaquatro.sp.gov.br\/portal\/?p=2045"},"modified":"2019-08-23T16:02:49","modified_gmt":"2019-08-23T19:02:49","slug":"com-aula-inaugural-cursinho-comunitario-gratuito-comecou-no-ultimo-sabado","status":"publish","type":"post","link":"https:\/\/www.santaritadopassaquatro.sp.gov.br\/portal\/com-aula-inaugural-cursinho-comunitario-gratuito-comecou-no-ultimo-sabado\/","title":{"rendered":"Com aula inaugural, cursinho comunit\u00e1rio gratuito come\u00e7ou no \u00faltimo s\u00e1bado"},"content":{"rendered":"<p><strong><em>Iniciativa de ONG, com apoio da Prefeitura Municipal, a\u00e7\u00e3o tem aulas aos s\u00e1bados, no Centro Profissionalizante <\/em><\/strong><\/p>\n<p><strong><em>\u00a0<\/em><\/strong><\/p>\n<figure id=\"attachment_2046\" aria-describedby=\"caption-attachment-2046\" style=\"width: 392px\" class=\"wp-caption alignleft\"><img decoding=\"async\" class=\"wp-image-2046\" src=\"http:\/\/www.santaritadopassaquatro.sp.gov.br\/portal\/wp-content\/uploads\/2019\/08\/cursinho_comunitario_aula_inaugural-300x200.jpg\" alt=\"\" width=\"392\" height=\"261\" srcset=\"https:\/\/www.santaritadopassaquatro.sp.gov.br\/portal\/wp-content\/uploads\/2019\/08\/cursinho_comunitario_aula_inaugural-300x200.jpg 300w, https:\/\/www.santaritadopassaquatro.sp.gov.br\/portal\/wp-content\/uploads\/2019\/08\/cursinho_comunitario_aula_inaugural-768x512.jpg 768w, https:\/\/www.santaritadopassaquatro.sp.gov.br\/portal\/wp-content\/uploads\/2019\/08\/cursinho_comunitario_aula_inaugural-1024x683.jpg 1024w\" sizes=\"(max-width: 392px) 100vw, 392px\" \/><figcaption id=\"caption-attachment-2046\" class=\"wp-caption-text\"><span style=\"font-size: 8pt; color: #808080;\"><em><strong>Vice-prefeita, presidente e coordenador do FFS e diretora de departamento da prefeitura, com professor e alunos na aula inaugural do cursinho comunit\u00e1rio (AssCom\/Divulga\u00e7\u00e3o)<\/strong><\/em><\/span><\/figcaption><\/figure>\n<p>Com aula inaugural, come\u00e7ou no \u00faltimo s\u00e1bado (17\/8) o cursinho comunit\u00e1rio gratuito destinado a pessoas que est\u00e3o est\u00e1 em busca de vagas na faculdade ou de trabalho em concursos p\u00fablicos.\u00a0\u00a0 A iniciativa da ONG (Organiza\u00e7\u00e3o N\u00e3o Governamental) Semeando Mais Vidas conta com apoio da Prefeitura Municipal de em Santa Rita do Passa Quatro, atrav\u00e9s do Fundo Social de Solidariedade e Departamento Municipal de Assist\u00eancia e Desenvolvimento Social.<\/p>\n<p>A aula inaugural contou com a presen\u00e7a da vice-prefeita, Maria Rita Mondin de Oliveira, da presidente do Fundo Social, dona Vera Luciano dos Santos, da diretora do Departamento Assist\u00eancia e Desenvolvimento Social, Iara Regina Lorencetti Crotti, e da coordenadora do FSS C\u00e9lia de F\u00e1tima Casagrande Claro de Oliveira, al\u00e9m do professor Ubyrajara Castro.<\/p>\n<p>As aulas acontecem aos s\u00e1bados, no Centro Profissionalizante M\u00e1rcia de Souza Menegassi (antigo Sesi), com objetivo de promover a oportunidade das pessoas se prepararem para provas do ENEM, vestibulares, concursos p\u00fablicos, Vestibulinho ETEC e at\u00e9 escolas militares.<\/p>\n<p>Os professores ser\u00e3o volunt\u00e1rios e o cursinho \u00e9 dedicado especialmente a estudantes de 1\u00ba e 2\u00ba do ensino m\u00e9dio, 9\u00ba ano do ensino fundamental (que almejam uma vaga nas ETECs), al\u00e9m de pessoas que se interessam em prestar concursos p\u00fablicos. As aulas prioritariamente s\u00e3o de portugu\u00eas e matem\u00e1tica, mas outras disciplinas poder\u00e3o ser inclu\u00eddas, de acordo com a necessidade.<\/p>\n<p>Com sede em Porto Ferreira, a ONG Semeando Mais Vidas atua desde 2005 principalmente na \u00e1rea de sa\u00fade.<\/p>\n<p>&nbsp;<\/p>\n<p>&nbsp;<\/p>\n","protected":false},"excerpt":{"rendered":"<p>Iniciativa de ONG, com apoio da Prefeitura Municipal, a\u00e7\u00e3o tem aulas aos s\u00e1bados, no Centro Profissionalizante \u00a0 Com aula inaugural,<\/p>\n","protected":false},"author":1,"featured_media":2046,"comment_status":"closed","ping_status":"open","sticky":false,"template":"","format":"standard","meta":{"footnotes":""},"categories":[43,56],"tags":[],"class_list":["post-2045","post","type-post","status-publish","format-standard","has-post-thumbnail","hentry","category-assistenciasocial","category-oportunidade"],"_links":{"self":[{"href":"https:\/\/www.santaritadopassaquatro.sp.gov.br\/portal\/wp-json\/wp\/v2\/posts\/2045","targetHints":{"allow":["GET"]}}],"collection":[{"href":"https:\/\/www.santaritadopassaquatro.sp.gov.br\/portal\/wp-json\/wp\/v2\/posts"}],"about":[{"href":"https:\/\/www.santaritadopassaquatro.sp.gov.br\/portal\/wp-json\/wp\/v2\/types\/post"}],"author":[{"embeddable":true,"href":"https:\/\/www.santaritadopassaquatro.sp.gov.br\/portal\/wp-json\/wp\/v2\/users\/1"}],"replies":[{"embeddable":true,"href":"https:\/\/www.santaritadopassaquatro.sp.gov.br\/portal\/wp-json\/wp\/v2\/comments?post=2045"}],"version-history":[{"count":0,"href":"https:\/\/www.santaritadopassaquatro.sp.gov.br\/portal\/wp-json\/wp\/v2\/posts\/2045\/revisions"}],"wp:featuredmedia":[{"embeddable":true,"href":"https:\/\/www.santaritadopassaquatro.sp.gov.br\/portal\/wp-json\/wp\/v2\/media\/2046"}],"wp:attachment":[{"href":"https:\/\/www.santaritadopassaquatro.sp.gov.br\/portal\/wp-json\/wp\/v2\/media?parent=2045"}],"wp:term":[{"taxonomy":"category","embeddable":true,"href":"https:\/\/www.santaritadopassaquatro.sp.gov.br\/portal\/wp-json\/wp\/v2\/categories?post=2045"},{"taxonomy":"post_tag","embeddable":true,"href":"https:\/\/www.santaritadopassaquatro.sp.gov.br\/portal\/wp-json\/wp\/v2\/tags?post=2045"}],"curies":[{"name":"wp","href":"https:\/\/api.w.org\/{rel}","templated":true}]}}